{"id":81812,"date":"2021-03-02T17:41:08","date_gmt":"2021-03-02T14:41:08","guid":{"rendered":"https:\/\/www.bugday.org\/blog\/?p=81812"},"modified":"2021-03-02T21:01:16","modified_gmt":"2021-03-02T18:01:16","slug":"gidamiza-gida-guvencemize-sahip-cikiyoruz","status":"publish","type":"post","link":"https:\/\/www.bugday.org\/blog\/gidamiza-gida-guvencemize-sahip-cikiyoruz\/","title":{"rendered":"\u201cG\u0131dam\u0131za, g\u0131da g\u00fcvencemize sahip \u00e7\u0131k\u0131yoruz!\u201d"},"content":{"rendered":"\n<p><strong>T\u00fcrkiye Topluluk Destekli Tar\u0131m A\u011f\u0131 taraf\u0131ndan d\u00fczenlenen \u201cTopluluk Destekli Tar\u0131m ve G\u0131da Temelli Dayan\u0131\u015fma A\u011flar\u0131\u201d semineri, \u00e7evrimi\u00e7i olarak 6 Mart 2021 tarihinde ger\u00e7ekle\u015fecek.<\/strong><\/p>\n\n\n\n<p>\u015eubat ay\u0131n\u0131n son haftas\u0131 t\u00fcm d\u00fcnyada Topluluk Destekli Tar\u0131m (TDT) haftas\u0131 olarak kutlan\u0131yor. T\u00fcrkiye\u2019de de g\u0131da topluluklar\u0131 ve TDT uygulamalar\u0131n\u0131n giderek yayg\u0131nl\u0131k kazand\u0131\u011f\u0131na dikkat \u00e7eken T\u00fcrkiye Topluluk Destekli Tar\u0131m A\u011f\u0131, 22 \u015eubat 2021&#8217;de ba\u015flatt\u0131\u011f\u0131 tan\u0131t\u0131m kampanyas\u0131n\u0131n ard\u0131ndan, 6 Mart Cumartesi g\u00fcn\u00fc \u00e7evrimi\u00e7i olarak d\u00fczenleyece\u011fi \u201cTopluluk Destekli Tar\u0131m ve G\u0131da Temelli Dayan\u0131\u015fma A\u011flar\u0131\u201d semineri ile herkesi g\u0131das\u0131n\u0131n sorumlulu\u011funu almaya davet ediyor. <\/p>\n\n\n\n<blockquote class=\"wp-block-quote\"><p><em>\u201cDo\u011fa-dostu, temiz, sa\u011fl\u0131kl\u0131 g\u0131daya ula\u015fmak i\u00e7in her birimiz sorumluluk almak zorunday\u0131z. Biz \u00e7aba g\u00f6stermezsek, \u00fcreticilerle dayan\u0131\u015fmaya girmezsek, kimse bu g\u0131dalar\u0131 getirip \u00f6n\u00fcm\u00fcze koymayacakt\u0131r.\u201d <\/em><\/p><cite>T\u00fcrkiye Topluluk Destekli Tar\u0131m A\u011f\u0131 <\/cite><\/blockquote>\n\n\n\n<hr class=\"wp-block-separator\"\/>\n\n\n\n<p><strong>Topluluk Destekli Tar\u0131m ve G\u0131da Temelli Dayan\u0131\u015fma A\u011flar\u0131 seminer program\u0131<\/strong><\/p>\n\n\n\n<p>Farkl\u0131 \u00fcretim birimleri ve g\u0131da topluluklar\u0131ndan 20 konu\u015fmac\u0131n\u0131n yer alaca\u011f\u0131 seminer, 13:00-19:00 saatleri aras\u0131nda Zoom ve Youtube \u00fczerinden canl\u0131 olarak yay\u0131nlanacak. Bu\u011fday Derne\u011fi Strateji Kurulu \u00dcyesi Oya Ayman da 15:00 itibar\u0131yla, \u0130zmir&#8217;deki g\u0131da topluluklar\u0131 i\u00e7in patates ve fasulye topluluk destekli tar\u0131m deneyimlerini kat\u0131l\u0131mc\u0131lar ile payla\u015facak.<\/p>\n\n\n\n<p>Seminere dair ayr\u0131nt\u0131l\u0131 bilgi ve programa <a rel=\"noreferrer noopener\" aria-label=\"buradan (yeni sekmede a\u00e7\u0131l\u0131r)\" href=\"https:\/\/www.ekoharita.org\/2021\/02\/22\/2021-topluluk-destekli-tarim-haftasi\/?fbclid=IwAR1jZvToPIj31h6pLnNYxy8moOSS1BjA0Tb9CfemXM4c1ET8eqZ1Q6ZZIQA\" target=\"_blank\"><strong>buradan<\/strong><\/a> ula\u015fabilirsiniz. <br><\/p>\n\n\n\n<div class=\"wp-block-image\"><figure class=\"aligncenter is-resized\"><img loading=\"lazy\" decoding=\"async\" src=\"https:\/\/www.bugday.org\/blog\/wp-content\/uploads\/2021\/03\/image-1.png\" alt=\"\" class=\"wp-image-81902\" width=\"564\" height=\"563\" srcset=\"https:\/\/www.bugday.org\/blog\/wp-content\/uploads\/2021\/03\/image-1.png 602w, https:\/\/www.bugday.org\/blog\/wp-content\/uploads\/2021\/03\/image-1-320x320.png 320w, https:\/\/www.bugday.org\/blog\/wp-content\/uploads\/2021\/03\/image-1-300x300.png 300w, https:\/\/www.bugday.org\/blog\/wp-content\/uploads\/2021\/03\/image-1-60x60.png 60w\" sizes=\"(max-width: 564px) 100vw, 564px\" \/><\/figure><\/div>\n","protected":false},"excerpt":{"rendered":"<p>T\u00fcrkiye Topluluk Destekli Tar\u0131m A\u011f\u0131 taraf\u0131ndan d\u00fczenlenen \u201cTopluluk Destekli Tar\u0131m ve G\u0131da Temelli Dayan\u0131\u015fma A\u011flar\u0131\u201d semineri, \u00e7evrimi\u00e7i olarak 6 Mart 2021 tarihinde ger\u00e7ekle\u015fecek. \u015eubat ay\u0131n\u0131n son haftas\u0131 t\u00fcm d\u00fcnyada Topluluk Destekli Tar\u0131m (TDT) haftas\u0131 olarak&#8230;<\/p>\n","protected":false},"author":4,"featured_media":81855,"comment_status":"open","ping_status":"open","sticky":false,"template":"","format":"standard","meta":{"footnotes":""},"categories":[34],"tags":[579,212,786],"_links":{"self":[{"href":"https:\/\/www.bugday.org\/blog\/wp-json\/wp\/v2\/posts\/81812"}],"collection":[{"href":"https:\/\/www.bugday.org\/blog\/wp-json\/wp\/v2\/posts"}],"about":[{"href":"https:\/\/www.bugday.org\/blog\/wp-json\/wp\/v2\/types\/post"}],"author":[{"embeddable":true,"href":"https:\/\/www.bugday.org\/blog\/wp-json\/wp\/v2\/users\/4"}],"replies":[{"embeddable":true,"href":"https:\/\/www.bugday.org\/blog\/wp-json\/wp\/v2\/comments?post=81812"}],"version-history":[{"count":6,"href":"https:\/\/www.bugday.org\/blog\/wp-json\/wp\/v2\/posts\/81812\/revisions"}],"predecessor-version":[{"id":82263,"href":"https:\/\/www.bugday.org\/blog\/wp-json\/wp\/v2\/posts\/81812\/revisions\/82263"}],"wp:featuredmedia":[{"embeddable":true,"href":"https:\/\/www.bugday.org\/blog\/wp-json\/wp\/v2\/media\/81855"}],"wp:attachment":[{"href":"https:\/\/www.bugday.org\/blog\/wp-json\/wp\/v2\/media?parent=81812"}],"wp:term":[{"taxonomy":"category","embeddable":true,"href":"https:\/\/www.bugday.org\/blog\/wp-json\/wp\/v2\/categories?post=81812"},{"taxonomy":"post_tag","embeddable":true,"href":"https:\/\/www.bugday.org\/blog\/wp-json\/wp\/v2\/tags?post=81812"}],"curies":[{"name":"wp","href":"https:\/\/api.w.org\/{rel}","templated":true}]}}