{"id":8171,"date":"2020-06-15T01:04:38","date_gmt":"2020-06-14T22:04:38","guid":{"rendered":"http:\/\/www.bugday.org\/blog\/?p=8171"},"modified":"2020-06-15T01:04:40","modified_gmt":"2020-06-14T22:04:40","slug":"bile-bile-zehir","status":"publish","type":"post","link":"https:\/\/www.bugday.org\/blog\/bile-bile-zehir\/","title":{"rendered":"Bile bile zehir"},"content":{"rendered":"\n<p><strong>Bu\u011fday Derne\u011fi Koordinasyon Kurulu \u00dcyesi Oya Ayman\u2019\u0131n \u201cBile bile zehir\u201d ba\u015fl\u0131kl\u0131 yaz\u0131s\u0131 <a rel=\"noreferrer noopener\" aria-label=\"Gazete Duvar (yeni sekmede a\u00e7\u0131l\u0131r)\" href=\"https:\/\/www.gazeteduvar.com.tr\/konuk-yazar\/2020\/06\/13\/bile-bile-zehir\/\" target=\"_blank\">Gazete Duvar<\/a>&#8216;da yay\u0131mlanm\u0131\u015ft\u0131r.<\/strong><\/p>\n\n\n\n<blockquote class=\"wp-block-quote\"><p><strong><em>&#8220;Bug\u00fcn d\u00fcnyada yakla\u015f\u0131k bin, T\u00fcrkiye\u2019de ise 340 kadar pestisit etken maddesi kullan\u0131l\u0131yor. DS\u00d6\u2019ye g\u00f6re, T\u00fcrkiye\u2019de kullan\u0131lan &#8216;son derece tehlikeli&#8217;, &#8216;y\u00fcksek seviyede tehlikeli&#8217; ve &#8216;muhtemel kanserojen&#8217; oldu\u011fu belirtilen 13 tar\u0131m zehrinden sadece d\u00f6rd\u00fc, bakanl\u0131\u011f\u0131n son genelgesi ile yasaklanma s\u00fcrecine girmi\u015f durumda.&#8221; <\/em><\/strong><\/p><cite><strong><em>Oya Ayman<\/em><\/strong><\/cite><\/blockquote>\n\n\n\n<p>Manisal\u0131 \u00e7ift\u00e7i Cahit D\u00f6\u015femeciler, 1999 y\u0131l\u0131n\u0131n bahar aylar\u0131nda, \u00fcz\u00fcm ba\u011f\u0131na att\u0131\u011f\u0131 b\u00f6cek \u00f6ld\u00fcr\u00fcc\u00fc y\u00fcz\u00fcnden fenala\u015farak hastaneye kald\u0131r\u0131ld\u0131. Acildeki doktorlar hemen m\u00fcdahale ettiler ama yak\u0131nlar\u0131 Cahit D\u00f6\u015femeciler\u2019in hayata d\u00f6nmesi i\u00e7in saatlerce g\u00f6\u011fs\u00fcnden s\u0131cak nefes gelmesini bekledi. Sonunda Cahit Bey s\u0131cak nefes almaya ba\u015flad\u0131 ve hayata d\u00f6nd\u00fc. Ertesi g\u00fcn hastaneden eve d\u00f6nerken, ba\u011f\u0131nda herhangi bir zehir kullanmamaya s\u00f6z verdi ve 2000 y\u0131l\u0131nda organik tar\u0131ma ba\u015flad\u0131.<\/p>\n\n\n\n<p>Cahit Bey\u2019in zehirlenmesinin \u00fczerinden 21 y\u0131l ge\u00e7ti ve bu hafta ba\u015f\u0131nda, sadece g\u0131day\u0131 \u00fcretenleri de\u011fil hepimizi yak\u0131ndan ilgilendiren bir haber ald\u0131k. Tar\u0131m ve Orman Bakanl\u0131\u011f\u0131 16 tar\u0131m zehirinin yasaklanmas\u0131na <a href=\"http:\/\/zehirsizsofralar.org\/2020\/06\/10\/basardik-16-tarim-zehiri-yasaklandi\/\" target=\"_blank\" rel=\"noreferrer noopener\" aria-label=\"karar verdi (yeni sekmede a\u00e7\u0131l\u0131r)\">karar verdi<\/a> ve yasaklanan zehirler aras\u0131nda Cahit D\u00f6\u015femeciler\u2019i 21 y\u0131l \u00f6nce \u00f6l\u00fcmle burun buruna getiren klorpirifos etil de var. Bu madde sadece \u00e7ift\u00e7ilerin de\u011fil, hepimizin sa\u011fl\u0131\u011f\u0131n\u0131 tehdit ediyordu. Sebze ve meyvelerde istenmeyen b\u00f6cekler i\u00e7in kullan\u0131lan bu zehir, insanlar\u0131n, \u00f6zellikle bebek ve \u00e7ocuklar\u0131n beyin ve sinir sistemi \u00fczerinde zararl\u0131 etkiler g\u00f6steriyor.<\/p>\n\n\n\n<p>\u00c7eltikten bu\u011fdaya, \u00fcz\u00fcmden domatese, elmadan \u015feker pancar\u0131na kadar \u00e7ok farkl\u0131 \u00fcr\u00fcnlerde yayg\u0131n olarak kullan\u0131lan 16 tar\u0131m zehirinin ithalat, \u00fcretim ve kullan\u0131m\u0131n\u0131n durdurulmas\u0131n\u0131, Bakanl\u0131k, 2021 y\u0131l\u0131 sonuna kadar farkl\u0131 aylara yay\u0131lan bir takvime ba\u011flad\u0131. Bu takvime g\u00f6re, ithalat ve \u00fcretimi gelecek aylarda durdurulacak olan bu zehirlerden d\u00f6rd\u00fc bu y\u0131l sonuna kadar, sekizi 30 Eyl\u00fcl 2021\u2019e kadar, \u00fc\u00e7\u00fc ise 2021 y\u0131l\u0131 sonuna kadar stoklardan kullan\u0131lmaya devam edecek.<\/p>\n\n\n\n<p>Bir istisna d\u0131\u015f\u0131nda\u2026 Sadece klorpirifos etilin kullan\u0131m\u0131 hemen (21 May\u0131s) yasakland\u0131. \u00c7\u00fcnk\u00fc Tar\u0131m ve Orman Bakanl\u0131\u011f\u0131 bu etken maddenin ithalat iznini zaten d\u00f6rt y\u0131l \u00f6nce, Avrupa Birli\u011fi\u2019nin (AB) yasaklamas\u0131n\u0131n ard\u0131ndan durdurmu\u015ftu.<\/p>\n\n\n\n<p>Cahit D\u00f6\u015femeciler\u2019in \u00f6l\u00fcmden d\u00f6n\u00fc\u015f hik\u00e2yesi, T\u00fcrkiye\u2019de ve d\u00fcnyada pestisitlerden zehirlenen y\u00fczbinlerce \u00e7ift\u00e7iyi temsil ederken, klorpirifos etilin T\u00fcrkiye\u2019de yasaklanma hik\u00e2yesi de, \u00fclkemizde y\u0131llarca kullan\u0131m\u0131na izin verilip uygulanan 200\u2019e yak\u0131n pestisit etken maddesinin, 2010\u2019dan bu yana AB\u2019ye uyum s\u00fcrecinde yasaklanma hik\u00e2yesiyle benzerlikler ta\u015f\u0131yor:<\/p>\n\n\n\n<p>Y\u0131llard\u0131r pek \u00e7ok insan\u0131n sa\u011fl\u0131\u011f\u0131n\u0131 riske atan, belki de \u00f6l\u00fcm\u00fcne neden olan klopirifos etil AB taraf\u0131ndan 2016 y\u0131l\u0131n\u0131n Ocak ay\u0131nda yasakland\u0131. \u00d6zellikle elma, armut, \u015feftali, sofral\u0131k \u00fcz\u00fcm, patates, biber ve lahana olmak \u00fczere g\u0131da \u00fcr\u00fcnlerinin \u00e7o\u011funlu\u011funda klorpirifos etil i\u00e7in belirlenen \u201dmaksimum kal\u0131nt\u0131 limiti\u201d bir kiloda 0,01 miligram olarak belirlendi. Bu, analiz y\u00f6ntemleri ile belirlenen en d\u00fc\u015f\u00fck miktar ve pratik olarak bak\u0131ld\u0131\u011f\u0131nda klopirifos etil kullan\u0131m\u0131n\u0131n yasaklanmas\u0131 anlam\u0131na geliyor.<\/p>\n\n\n\n<p>Tar\u0131m ve Orman Bakanl\u0131\u011f\u0131 Nisan 2016\u2019da bu maddenin ithalat\u0131n\u0131 durdurdu. Ve etiketinde sadece elma, armut, \u015feftali, ba\u011f, patates, domates, biber, patl\u0131can ile meyve ve sebze genel tavsiyelerinden biri bulunan ve bu tavsiyelerden ba\u015fka tavsiyesi bulunmayan, klorpirifos etil i\u00e7eren pestisitlerin May\u0131s 2016 sonuna kadar piyasadan toplat\u0131lmas\u0131na ve sat\u0131\u015f\u0131n\u0131n sonland\u0131r\u0131lmas\u0131na karar verdi. Kararda ayr\u0131ca, klopirifos etil i\u00e7eren pestisitlerin \u00fclkemizdeki kullan\u0131m\u0131n\u0131n; kullan\u0131ld\u0131\u011f\u0131 \u00fcr\u00fcnlerde kal\u0131nt\u0131 vb. uygulamalar\u0131n izlenmesi \u015fart\u0131yla, AB\u2019nin 2018 y\u0131l\u0131nda yapaca\u011f\u0131 de\u011ferlendirme g\u00f6z \u00f6n\u00fcnde bulundurularak, ayn\u0131 y\u0131l bakanl\u0131k\u00e7a yeniden de\u011ferlendirilece\u011fi belirtiliyordu. <\/p>\n\n\n\n<p>Bu karardan \u00fc\u00e7 y\u0131l sonra, Temmuz 2019\u2019da, Zehirsiz Sofralar projesini y\u00fcr\u00fcten Bu\u011fday Ekolojik Ya\u015fam\u0131 Destekleme Derne\u011fi\u2019nin yay\u0131mlad\u0131\u011f\u0131 bir a\u00e7\u0131klamada \u201cTar\u0131m ve Orman Bakanl\u0131\u011f\u0131\u2019n\u0131n web sitesinde, klorpirifos etil i\u00e7eren \u00e7ok say\u0131da pestisitin \u015feker pancar\u0131, bu\u011fday, m\u0131s\u0131r, arpa, ayva, nohut, mercimek yeti\u015ftiricili\u011finde halen tavsiye edildi\u011fi\u201d belirtiliyordu. B\u00f6ylece, klorpirifos etil i\u00e7eren pestisitlerin, tamamen yasaklanmad\u0131\u011f\u0131 ve piyasadan toplat\u0131lmad\u0131\u011f\u0131 i\u00e7in elma, armut, \u015feftali, ba\u011f, patates, domates, biber, patl\u0131can \u00fcr\u00fcnlerinde kullan\u0131m\u0131 yasak olsa da, yurt d\u0131\u015f\u0131ndan geri d\u00f6nen ihra\u00e7 \u00fcr\u00fcnlerine bak\u0131ld\u0131\u011f\u0131nda, yasakl\u0131 kategorilerde h\u00e2l\u00e2 kullan\u0131ld\u0131\u011f\u0131 anla\u015f\u0131l\u0131yordu.<\/p>\n\n\n\n<p>Sonunda ge\u00e7en ay yay\u0131mlanan bakanl\u0131k genelgesi ile klorpirifos etilin kullan\u0131m\u0131 tamamen yasakland\u0131. Ancak o tarihe kadar piyasadan temin ediliyor olmas\u0131, \u00fcreticiler taraf\u0131ndan bilin\u00e7li ya da bilin\u00e7siz olarak, yasak getirilen alanlarda kullan\u0131lmas\u0131na olanak yaratt\u0131. Bu durum g\u0131da g\u00fcvenli\u011fi ve sa\u011fl\u0131k a\u00e7\u0131s\u0131ndan \u00f6nemli sak\u0131ncalara neden olurken, ihracat a\u00e7\u0131s\u0131ndan da T\u00fcrkiye\u2019nin g\u00fcvenilirli\u011fini zedeledi.<\/p>\n\n\n\n<p>Tam bir, bile bile lades durumu!<\/p>\n\n\n\n<p>Bakanl\u0131\u011f\u0131n 16 pestisit etken maddesini yasaklama karar\u0131 elbette olumlu bir ad\u0131m. Ama bu ad\u0131m yan\u0131tlanmas\u0131 gereken sorular\u0131 da berberinde getiriyor. Toplum ve \u00e7evre sa\u011fl\u0131\u011f\u0131na y\u00f6nelik tehditleri bilinen, g\u0131da g\u00fcvenli\u011fi ve d\u0131\u015f ticaret itibar\u0131n\u0131 zedeleyen bir zehirin kullan\u0131m\u0131n\u0131n yasaklanmas\u0131 i\u00e7in y\u0131llarca beklenmesinin nedeni ne olabilir? \u00c7ift\u00e7inin, tar\u0131m i\u015f\u00e7ilerinin, halk\u0131n, yaban hayat\u0131n\u0131n, topra\u011f\u0131n, suyun sa\u011fl\u0131\u011f\u0131n\u0131n hi\u00e7e say\u0131lmas\u0131 kar\u015f\u0131s\u0131nda, \u015firketlerin ayakta kalmas\u0131n\u0131n ya da stoklar\u0131n eritilmesinin bir \u00f6nemi olabilir mi? Ya da istedi\u011finiz kadar verim elde edin, pestisitlerin neden oldu\u011fu sa\u011fl\u0131k ve \u00e7evresel maliyetler kar\u015f\u0131s\u0131nda bu verimin bir anlam\u0131 var m\u0131d\u0131r?<\/p>\n\n\n\n<p>Yasaklanan 16 etken madde aras\u0131nda b\u00f6cek, ot ve mantar \u00f6ld\u00fcr\u00fcc\u00fcler ile depolamada kullan\u0131lan fare zehiri de var. Her ne kadar \u201dg\u0131da\u201d ve \u201dzehir\u201d yan yana gelmemesi gereken iki madde olsa da, bu etken maddeler sadece \u00e7ift\u00e7ilerde de\u011fil, kal\u0131nt\u0131 yoluyla bu g\u0131dalar\u0131 t\u00fcketenlerde de kanserle birlikte, hormon sistemi, \u00fcreme sistemi ve sinir sistemini bozucu etkiler gibi akut ve kronik sa\u011fl\u0131k sorunlar\u0131na neden oluyor, ar\u0131lar\u0131 ve faydal\u0131 b\u00f6cekleri \u00f6ld\u00fcr\u00fcyor, biyolojik \u00e7e\u015fitlili\u011fi tehdit ediyor, topra\u011f\u0131 ve suyu kirletiyor. \u00dcstelik kullan\u0131lan pestisitlerin y\u00fczde 98\u2019den fazlas\u0131 uygulanan alan d\u0131\u015f\u0131ndaki ortamlara da\u011f\u0131l\u0131yor ve hedef olmayan canl\u0131 t\u00fcrlerine bula\u015f\u0131yor.<\/p>\n\n\n\n<p>16 pestisit etken maddesinin yasaklamas\u0131na dair gerek\u00e7elere gelince\u2026 Bakanl\u0131\u011f\u0131n konuyla ilgili resmi yaz\u0131s\u0131nda, insan ve \u00e7evreye olumsuz etkilerden, uygulay\u0131c\u0131lar a\u00e7\u0131s\u0131ndan olu\u015fturdu\u011fu risklerden ve yeralt\u0131 sular\u0131n\u0131 kirletmesi gibi nedenlerin yan\u0131nda ba\u015fka gerek\u00e7eler de s\u0131ralan\u0131yor: Toksikolojik \u00e7al\u0131\u015fmalar\u0131n yetersizli\u011fi, \u00fcretici firmalar\u0131n deste\u011fini \u00e7ekmesi ve istenilen \u00e7al\u0131\u015fmalar\u0131 sunmamas\u0131, AB \u00fclkelerine yap\u0131lacak ya\u015f sebze ve meyve ihracat\u0131nda s\u0131k\u0131nt\u0131lar\u0131n ya\u015fanmas\u0131, G\u00fcmr\u00fck Birli\u011fi anla\u015fmas\u0131 gere\u011fi y\u00fck\u00fcml\u00fcl\u00fcklerimizin yerine getirilmesi, alternatif bitki koruma \u00fcr\u00fcnlerinin bulunmas\u0131.<\/p>\n\n\n\n<p>Bug\u00fcn d\u00fcnyada yakla\u015f\u0131k bin, T\u00fcrkiye\u2019de ise 340 kadar pestisit etken maddesi kullan\u0131l\u0131yor. DS\u00d6\u2019ye g\u00f6re, T\u00fcrkiye\u2019de kullan\u0131lan &#8220;son derece tehlikeli&#8221;, &#8220;y\u00fcksek seviyede tehlikeli&#8221; ve &#8220;muhtemel kanserojen&#8221; oldu\u011fu belirtilen 13 tar\u0131m zehirinden sadece d\u00f6rd\u00fc, Bakanl\u0131\u011f\u0131n son genelgesi ile yasaklanma s\u00fcrecine girmi\u015f durumda.<\/p>\n\n\n\n<p>Bu noktada bakanl\u0131\u011f\u0131n s\u0131ralad\u0131\u011f\u0131 yasaklama gerek\u00e7eleri, benzer zararlar\u0131 g\u00f6steren etken maddelerin neden yasaklanmad\u0131\u011f\u0131 sorusunu da beraberinde getiriyor. \u00c7\u00fcnk\u00fc bu gerek\u00e7eler, Bu\u011fday Derne\u011fi \u00f6nc\u00fcl\u00fc\u011f\u00fcnde 100\u2019\u00fc a\u015fk\u0131n kurum ve inisiyatif taraf\u0131ndan olu\u015fturulan Zehirsiz Sofralar Sivil Toplum A\u011f\u0131\u2019n\u0131n, 135 bin ki\u015finin imza deste\u011fiyle birlikte yasaklanmas\u0131n\u0131 talep etti\u011fi 13 tar\u0131m zehirinin t\u00fcm\u00fc i\u00e7in ge\u00e7erli. Bu nedenle DS\u00d6 taraf\u0131ndan ayn\u0131 tehditleri i\u00e7erdi\u011fi belirtilen 13 etken maddeden d\u00f6rd\u00fc yasaklan\u0131rken di\u011fer dokuz etken maddenin neden yasaklanmad\u0131\u011f\u0131 da yan\u0131t bekleyen sorular aras\u0131nda.<\/p>\n\n\n\n<p>\u00d6te yandan yasaklanan pestisitler aras\u0131nda, Aral\u0131k 2019\u2019da, Tar\u0131m ve Orman Bakanl\u0131\u011f\u0131\u2019n\u0131n \u00fcniversitelerden g\u00f6r\u00fc\u015f istedi\u011fi, 41 etken maddeden 14\u2019\u00fc de var. Oysa s\u00f6z konusu 41 etken maddenin t\u00fcm\u00fc benzer zararl\u0131 etkileri (kanser yap\u0131c\u0131, hormonal ve \u00fcreme sistemine zarar veren, ar\u0131lar\u0131 ve su canl\u0131lar\u0131n\u0131 \u00f6ld\u00fcren vs) g\u00f6steriyor. Bu konuda Bu\u011fday Derne\u011fi\u2019nden Turgay \u00d6z\u00e7elik de, Zehirsiz Sofralar A\u011f\u0131 olarak bakanl\u0131ktan a\u00e7\u0131klama beklediklerini s\u00f6yl\u00fcyor: \u201cAB, bu 41 etken maddeden 32\u2019sini yasaklad\u0131, kalan 9 maddenin yasaklanmas\u0131n\u0131 da g\u00fcndeme ald\u0131. Elbette tek bir zehirden kurtulmak bile sevindirici ama bizde neden sadece 14\u2019\u00fc yasakland\u0131? Geriye kalan tar\u0131m zehirleri de yasaklanacak m\u0131? Tar\u0131m ve Orman Bakanl\u0131\u011f\u0131\u2019ndan bu konuda tatmin edici bir a\u00e7\u0131klama bekliyoruz.\u201d<\/p>\n\n\n\n<p>Soru i\u015faretleriyle dolu bu tabloya ra\u011fmen, 16 tar\u0131m zehirinin yasaklanma karar\u0131, sadece bu konuda \u00e7aba g\u00f6steren sivil kurulu\u015flar i\u00e7in de\u011fil, iyi haber hasreti \u00e7ekti\u011fimiz bu g\u00fcnlerde, sosyal medyada on binlerce ki\u015fi taraf\u0131ndan payla\u015f\u0131lan umut verici bir geli\u015fme oldu. Ancak yasaklama tek ba\u015f\u0131na bir \u00e7\u00f6z\u00fcm de\u011fil. Yasaklar\u0131 koyarken, hastal\u0131klar, istenmeyen b\u00f6cekler ve yabanc\u0131 otlar\u0131n neden giderek daha fazla sorun haline geldi\u011fini irdelenmesi; agroekolojik y\u00f6ntem ve girdilerin desteklenmesi ile ekolojik \u00fcretim yapan \u00fcreticilerin te\u015fvik edilmesine y\u00f6nelik politikalar\u0131n hayata ge\u00e7irilmesi gerekiyor.<\/p>\n\n\n\n<p>Bu anlamda pestisit yasaklamalar\u0131nda, ge\u00e7 de olsa AB uygulamalar\u0131n\u0131 \u00f6rnek alan T\u00fcrkiye, Avrupa Komisyonu\u2019nun haziran ay\u0131 ba\u015f\u0131nda a\u00e7\u0131klad\u0131\u011f\u0131 \u201ctar\u0131m sisteminde reform yap\u0131lmas\u0131 gerekti\u011fini\u201d kabul eden karar\u0131n\u0131 da \u00f6rnek alabilir: S\u00f6z konusu karar, 2030 y\u0131l\u0131na kadar pestisitlerin genel kullan\u0131m\u0131 ve y\u00fcksek derecede tehlikeli pestisit kullan\u0131m\u0131n\u0131 y\u00fczde 50 azaltmay\u0131 ve pestisitlerin agroekolojik uygulamalarla de\u011fi\u015ftirilmesini hedefliyor. Karar, ayn\u0131 zamanda 2030 y\u0131l\u0131na kadar AB\u2019nin tar\u0131m arazilerinin y\u00fczde 25\u2019inin organik tar\u0131ma ayr\u0131lmas\u0131 ve pestisitlerin kentsel ye\u015fil alanlarda yasaklanmas\u0131 hedefini i\u00e7eriyor.<\/p>\n\n\n\n<p>Zehirsiz Sofralar Sivil Toplum A\u011f\u0131 da, bir y\u0131l\u0131 a\u015fk\u0131n s\u00fcredir y\u00fcr\u00fctt\u00fc\u011f\u00fc Zehirsiz Kampanya ile Tar\u0131m ve Orman Bakanl\u0131\u011f\u0131\u2019ndan, zehirsiz tar\u0131ma ge\u00e7i\u015f y\u00f6n\u00fcnde politikalar izlemesini ve kademeli bir ge\u00e7i\u015f ile 2030 y\u0131l\u0131nda pestisitlerin yasaklanmas\u0131n\u0131 talep ediyor. Bu ge\u00e7i\u015fin ger\u00e7ekle\u015fmesi i\u00e7in tek \u00fcr\u00fcn yeti\u015ftiricili\u011fine dayal\u0131 \u00fcretim ve y\u00fcksek kay\u0131p ve israf\u0131n oldu\u011fu t\u00fcketim sistemimizi, yerel ko\u015fullara uygun ve ekonomik a\u00e7\u0131dan \u00fcretici ile t\u00fcketiciyi tatmin edecek ekolojik bir sistemle de\u011fi\u015ftirmemiz gerekiyor.<\/p>\n\n\n\n<p>Sa\u011fl\u0131k Bakanl\u0131\u011f\u0131 nas\u0131l Covid-19 konusunda DS\u00d6 uyar\u0131lar\u0131n\u0131 dikkate alarak AB \u00fclkelerinden ba\u011f\u0131ms\u0131z \u015fekilde T\u00fcrkiye\u2019ye \u00f6zg\u00fc \u00f6nlemler ald\u0131ysa, Tar\u0131m ve Orman Bakanl\u0131\u011f\u0131\u2019n\u0131n da, ayn\u0131 \u00f6rg\u00fct\u00fcn uyar\u0131lar\u0131n\u0131 dikkate alarak AB \u00fclkelerini beklemeden; do\u011fal varl\u0131klar\u0131n devaml\u0131l\u0131\u011f\u0131n\u0131, topra\u011f\u0131n onar\u0131m\u0131n\u0131, g\u0131da g\u00fcvenli\u011fini ve \u00e7ift\u00e7i refah\u0131n\u0131 b\u00fct\u00fcn olarak ele alan politikalar\u0131 hayata ge\u00e7irmesi m\u00fcmk\u00fcn olabilir. T\u00fcrkiye\u2019de zehirsiz \u00fcretim yapan on binlerce \u00e7ift\u00e7i; mevcut tar\u0131m topraklar\u0131nda yap\u0131lacak ekolojik \u00fcretimle T\u00fcrkiye n\u00fcfusunun beslenebilece\u011fini kan\u0131tlayan ara\u015ft\u0131rmalar; biyolojik, k\u00fclt\u00fcrel ve fiziksel m\u00fccadele teknikleri \u00fczerine \u00e7al\u0131\u015fan enstit\u00fcler, akademisyenler ve ara\u015ft\u0131rmac\u0131lar; dayan\u0131kl\u0131 yerel tohumlar ve zengin bir tar\u0131msal k\u00fclt\u00fcr miras\u0131 var. O zaman bile bile zehir kullanmaya ne gerek var?<\/p>\n\n\n\n<blockquote class=\"wp-block-quote\"><p><strong>Oya Ayman\u2019\u0131n \u201cBile bile zehir\u201d ba\u015fl\u0131kl\u0131 yaz\u0131s\u0131 <a rel=\"noreferrer noopener\" href=\"https:\/\/www.gazeteduvar.com.tr\/konuk-yazar\/2020\/06\/13\/bile-bile-zehir\/\" target=\"_blank\">Gazete Duvar<\/a>&#8216;da yay\u0131mlanm\u0131\u015ft\u0131r.<\/strong> <\/p><\/blockquote>\n","protected":false},"excerpt":{"rendered":"<p>Bu\u011fday Derne\u011fi Koordinasyon Kurulu \u00dcyesi Oya Ayman\u2019\u0131n \u201cBile bile zehir\u201d ba\u015fl\u0131kl\u0131 yaz\u0131s\u0131 Gazete Duvar&#8216;da yay\u0131mlanm\u0131\u015ft\u0131r. &#8220;Bug\u00fcn d\u00fcnyada yakla\u015f\u0131k bin, T\u00fcrkiye\u2019de ise 340 kadar pestisit etken maddesi kullan\u0131l\u0131yor. DS\u00d6\u2019ye g\u00f6re, T\u00fcrkiye\u2019de kullan\u0131lan &#8216;son derece tehlikeli&#8217;, &#8216;y\u00fcksek&#8230;<\/p>\n","protected":false},"author":4,"featured_media":8175,"comment_status":"open","ping_status":"open","sticky":false,"template":"","format":"standard","meta":{"footnotes":""},"categories":[18,337],"tags":[448,330,328],"_links":{"self":[{"href":"https:\/\/www.bugday.org\/blog\/wp-json\/wp\/v2\/posts\/8171"}],"collection":[{"href":"https:\/\/www.bugday.org\/blog\/wp-json\/wp\/v2\/posts"}],"about":[{"href":"https:\/\/www.bugday.org\/blog\/wp-json\/wp\/v2\/types\/post"}],"author":[{"embeddable":true,"href":"https:\/\/www.bugday.org\/blog\/wp-json\/wp\/v2\/users\/4"}],"replies":[{"embeddable":true,"href":"https:\/\/www.bugday.org\/blog\/wp-json\/wp\/v2\/comments?post=8171"}],"version-history":[{"count":7,"href":"https:\/\/www.bugday.org\/blog\/wp-json\/wp\/v2\/posts\/8171\/revisions"}],"predecessor-version":[{"id":8203,"href":"https:\/\/www.bugday.org\/blog\/wp-json\/wp\/v2\/posts\/8171\/revisions\/8203"}],"wp:featuredmedia":[{"embeddable":true,"href":"https:\/\/www.bugday.org\/blog\/wp-json\/wp\/v2\/media\/8175"}],"wp:attachment":[{"href":"https:\/\/www.bugday.org\/blog\/wp-json\/wp\/v2\/media?parent=8171"}],"wp:term":[{"taxonomy":"category","embeddable":true,"href":"https:\/\/www.bugday.org\/blog\/wp-json\/wp\/v2\/categories?post=8171"},{"taxonomy":"post_tag","embeddable":true,"href":"https:\/\/www.bugday.org\/blog\/wp-json\/wp\/v2\/tags?post=8171"}],"curies":[{"name":"wp","href":"https:\/\/api.w.org\/{rel}","templated":true}]}}