{"id":7850,"date":"2020-06-15T00:58:31","date_gmt":"2020-06-14T21:58:31","guid":{"rendered":"http:\/\/www.bugday.org\/blog\/?p=7850"},"modified":"2020-08-03T08:57:16","modified_gmt":"2020-08-03T05:57:16","slug":"benim-babam-120-yasinda","status":"publish","type":"post","link":"https:\/\/www.bugday.org\/blog\/benim-babam-120-yasinda\/","title":{"rendered":"&#8220;Benim babam 120 ya\u015f\u0131nda&#8221;"},"content":{"rendered":"\n<p><strong>Victor Ananias\u2019a adad\u0131\u011f\u0131m\u0131z 7. Ekolojik Ya\u015fam Rehberimizin \u201c\u0130\u00e7imizden Biri\u201d b\u00f6l\u00fcm\u00fcn\u00fcn konu\u011fu, o\u011flu Ali Ananias\u2019t\u0131. Ali, bu r\u00f6portaj yap\u0131ld\u0131\u011f\u0131nda 11 ya\u015f\u0131ndayd\u0131&#8230; R\u00f6portajdan dokuz y\u0131l sonra Bu\u011fday Derne\u011fi\u2019nin Zehirsiz Sofralar Projesi kapsam\u0131nda haz\u0131rlanan belgeselin m\u00fcziklerini yapan Ali Ananias, kendi alan\u0131nda Bu\u011fday&#8217;a destek vermeye devam ediyor.<\/strong><\/p>\n\n\n\n<blockquote class=\"wp-block-quote\"><p><em><strong>R\u00f6portaj<\/strong>: Mine Ero\u011flu<\/em><\/p><\/blockquote>\n\n\n\n<hr class=\"wp-block-separator\"\/>\n\n\n\n<p><strong>Victor\u2019la ilgili akl\u0131na ilk gelen \u015fey ne?<\/strong><\/p>\n\n\n\n<p>Babam\u0131n hep ka\u015f\u0131n\u0131 oynat\u0131p g\u00fcld\u00fcrmesi. Hep komiklikler yap\u0131p g\u00fcld\u00fcr\u00fcrd\u00fc. Konu\u015fmalar\u0131 da \u00e7ok komikti. Arabada yolculuk yaparken radyoda konu\u015fanlar\u0131 taklit ediyordu ona \u00e7ok g\u00fcl\u00fcyorduk. Bir de mandalina ve portakal \u00e7ekirdeklerini hep ay\u0131r\u0131p iki parma\u011f\u0131n\u0131n aras\u0131na s\u0131k\u0131\u015ft\u0131r\u0131p y\u00fcz\u00fcme atard\u0131.<\/p>\n\n\n\n<p><strong>Victor\u2019u tan\u0131mayanlar bile onun arkas\u0131ndan \u00e7ok g\u00fczel \u015feyler s\u00f6ylediler. Sence Victor nas\u0131l bu kadar \u00e7ok ki\u015fiyi, bu kadar fazla etkiledi?<\/strong><\/p>\n\n\n\n<div class=\"wp-block-image\"><figure class=\"alignright is-resized\"><img loading=\"lazy\" decoding=\"async\" src=\"http:\/\/www.bugday.org\/blog\/wp-content\/uploads\/2020\/06\/2020-06-04_1317.png\" alt=\"\" class=\"wp-image-7859\" width=\"281\" height=\"459\" srcset=\"https:\/\/www.bugday.org\/blog\/wp-content\/uploads\/2020\/06\/2020-06-04_1317.png 260w, https:\/\/www.bugday.org\/blog\/wp-content\/uploads\/2020\/06\/2020-06-04_1317-184x300.png 184w\" sizes=\"(max-width: 281px) 100vw, 281px\" \/><\/figure><\/div>\n\n\n\n<p>Babam\u0131n \u00f6zelli\u011fi i\u015fte n\u2019apars\u0131n?<\/p>\n\n\n\n<p><strong>Hangi \u00f6zelli\u011fi mesela?<\/strong><\/p>\n\n\n\n<p>Onu bilmiyorum i\u015fte. Bu onun s\u0131rr\u0131.<\/p>\n\n\n\n<p><strong>Baban \u00e7ok sevilen bir insand\u0131\u2026<\/strong><\/p>\n\n\n\n<p>Ona bakarsan Hannah Montana da \u00e7ok seviliyor ama o \u00e7ok farkl\u0131 seviliyordu. Neden, onu bilmiyorum.<\/p>\n\n\n\n<p><strong>Victor tohumla, tar\u0131mla ilgileniyordu. Sen de ilgileniyor musun bunlarla?<\/strong><\/p>\n\n\n\n<p>Hay\u0131r. A\u011faca t\u0131rmanmak ilgimi \u00e7ekiyor da\u2026 tar\u0131m benim \u00e7ok ilgimi \u00e7ekmiyor.<\/p>\n\n\n\n<p><strong>Zeytin topluyorsun ama\u2026<\/strong><\/p>\n\n\n\n<p>A\u011faca t\u0131rman\u0131p toplamay\u0131 \u00e7ok seviyorum veya s\u0131r\u0131kla toplamay\u0131. Babam da a\u011fac\u0131n alt\u0131ndakileri topluyordu. Zeytinya\u011f\u0131n\u0131n s\u0131k\u0131lmas\u0131n\u0131 izlemeyi de \u00e7ok severim.<\/p>\n\n\n\n<p><strong>\u00c7ok \u00e7al\u0131\u015f\u0131yordu\u2026<\/strong><\/p>\n\n\n\n<p>Babam\u0131n yapt\u0131klar\u0131n\u0131 d\u00fc\u015f\u00fcnd\u00fc\u011f\u00fcm zaman benim babam 120 ya\u015f\u0131nda. \u00c7\u00fcnk\u00fc babam 3 insan\u0131n yapabildi\u011fi \u015feyi 40 y\u0131lda yapt\u0131.<\/p>\n\n\n\n<p><strong>Nas\u0131l yapt\u0131 bunu peki?<\/strong><\/p>\n\n\n\n<p>Bunu ona soracaks\u0131n. Onun s\u0131rr\u0131. Cevab\u0131n\u0131 bilmiyorum ama biliyorum. Yani her \u015feyi bilmiyorum ama biliyorum. Anlatabildim mi? \u00c7ok az uyurdu. Saat 12\u2019de yat\u0131p saat 4\u2019te kalk\u0131yordu.<\/p>\n\n\n\n<p><strong>Peki 4\u2019te kalk\u0131p ne yap\u0131yordu?<\/strong><\/p>\n\n\n\n<p>\u00c7al\u0131\u015f\u0131yordu.<\/p>\n\n\n\n<p><strong>Bilgisayarda m\u0131?<\/strong><\/p>\n\n\n\n<p>Hay\u0131r. Gidiyor, yerdeki zeytinleri topluyor, onlar\u0131 sepetlere koyuyor falan.<\/p>\n\n\n\n<hr class=\"wp-block-separator\"\/>\n\n\n\n<ul class=\"wp-block-gallery columns-2 is-cropped wp-block-gallery-1 is-layout-flex wp-block-gallery-is-layout-flex\"><li class=\"blocks-gallery-item\"><figure><img loading=\"lazy\" decoding=\"async\" width=\"1024\" height=\"768\" src=\"http:\/\/www.bugday.org\/blog\/wp-content\/uploads\/2020\/06\/IMG_1656-1024x768.jpg\" alt=\"\" data-id=\"7988\" class=\"wp-image-7988\" srcset=\"https:\/\/www.bugday.org\/blog\/wp-content\/uploads\/2020\/06\/IMG_1656-1024x768.jpg 1024w, https:\/\/www.bugday.org\/blog\/wp-content\/uploads\/2020\/06\/IMG_1656-300x225.jpg 300w, https:\/\/www.bugday.org\/blog\/wp-content\/uploads\/2020\/06\/IMG_1656-768x576.jpg 768w\" sizes=\"(max-width: 1024px) 100vw, 1024px\" \/><\/figure><\/li><li class=\"blocks-gallery-item\"><figure><img loading=\"lazy\" decoding=\"async\" width=\"768\" height=\"1024\" src=\"http:\/\/www.bugday.org\/blog\/wp-content\/uploads\/2020\/06\/IMG_1654-1-768x1024.jpg\" alt=\"\" data-id=\"8011\" data-link=\"http:\/\/www.bugday.org\/blog\/?attachment_id=8011\" class=\"wp-image-8011\" srcset=\"https:\/\/www.bugday.org\/blog\/wp-content\/uploads\/2020\/06\/IMG_1654-1-768x1024.jpg 768w, https:\/\/www.bugday.org\/blog\/wp-content\/uploads\/2020\/06\/IMG_1654-1-225x300.jpg 225w\" sizes=\"(max-width: 768px) 100vw, 768px\" \/><\/figure><\/li><\/ul>\n\n\n\n<hr class=\"wp-block-separator\"\/>\n\n\n\n<p><strong>Ne kadar \u00e7ok enerjisi vard\u0131 de\u011fil mi?<\/strong><\/p>\n\n\n\n<p>Enerji\u2026 Enerji delisiydi o. Almak anlam\u0131nda de\u011fil, vermek anlam\u0131nda. Enerji veriyordu \u00e7\u00fcnk\u00fc.<\/p>\n\n\n\n<p><strong>Nerden geliyordu sence bu enerji?<\/strong><\/p>\n\n\n\n<p>Kendine g\u00fcveninden olabilir. \u00c7al\u0131\u015fmak istedi\u011finden olabilir. Sevgiden olabilir. Hangisi art\u0131k siz bulun.<br><\/p>\n\n\n\n<p><strong>Babanla ilgili yazmak istesen ne yazard\u0131n?<\/strong><\/p>\n\n\n\n<p>\u00d6nce komikliklerini, sonra bildi\u011fim kadar \u00e7al\u0131\u015ft\u0131klar\u0131n\u0131, sonra birlikte ne yapt\u0131\u011f\u0131m\u0131z\u0131 falan filan.<\/p>\n\n\n\n<p><strong>Deseler ki sana baban\u0131n yapt\u0131\u011f\u0131 i\u015flerden birini se\u00e7. Bunlardan hangisini se\u00e7erdin?<\/strong><\/p>\n\n\n\n<p>\u0130\u015f olarak m\u0131? Fl\u00fct \u00e7almak i\u015f say\u0131l\u0131r m\u0131?<\/p>\n\n\n\n<p><strong>Onu se\u00e7ebilirsin istersen.<\/strong><\/p>\n\n\n\n<p>\u0130stemem.<\/p>\n\n\n\n<p><strong>Zeytin toplamak?<\/strong><\/p>\n\n\n\n<p>O olabilir. \u00c7\u00fcnk\u00fc onu birlikte yap\u0131yorduk. Asl\u0131nda babam\u0131n yapt\u0131\u011f\u0131 hi\u00e7bir \u015feyi hi\u00e7birimiz yapamay\u0131z. Bence\u2026 Mesela hi\u00e7birimiz saat 4\u2019te kalk\u0131p \u00e7al\u0131\u015fmaya ba\u015flayamay\u0131z.<\/p>\n\n\n\n<p><strong>Babanla ilgili ba\u015fka s\u00f6ylemek istedi\u011fin bir \u015fey var m\u0131?<\/strong><\/p>\n\n\n\n<p>Onu \u00e7ok seviyorum! O benim babam!<\/p>\n\n\n\n<hr class=\"wp-block-separator\"\/>\n\n\n\n<figure class=\"wp-block-image\"><img loading=\"lazy\" decoding=\"async\" width=\"800\" height=\"600\" src=\"http:\/\/www.bugday.org\/blog\/wp-content\/uploads\/2020\/06\/Ali-ve-Murka.jpg\" alt=\"\" class=\"wp-image-8138\" srcset=\"https:\/\/www.bugday.org\/blog\/wp-content\/uploads\/2020\/06\/Ali-ve-Murka.jpg 800w, https:\/\/www.bugday.org\/blog\/wp-content\/uploads\/2020\/06\/Ali-ve-Murka-300x225.jpg 300w, https:\/\/www.bugday.org\/blog\/wp-content\/uploads\/2020\/06\/Ali-ve-Murka-768x576.jpg 768w\" sizes=\"(max-width: 800px) 100vw, 800px\" \/><figcaption><strong>Ali Ananias<\/strong> <\/figcaption><\/figure>\n\n\n\n<hr class=\"wp-block-separator\"\/>\n\n\n\n<p><strong>Biz de onu \u00e7ok seviyoruz.<\/strong><\/p>\n\n\n\n<p>Do\u011fru ama ben daha \u00e7ok seviyorum.<\/p>\n\n\n\n<p><strong>Ali\u2019cim, son olarak bizimle payla\u015fmak istedi\u011fin bir \u015fey var m\u0131?<\/strong><\/p>\n\n\n\n<p>D\u00fc\u015f\u00fcnd\u00fc\u011f\u00fcm bir \u015fey var. Hatta kesin olan bir \u015fey: Babam\u0131n cennette oldu\u011fu.<\/p>\n\n\n\n<hr class=\"wp-block-separator\"\/>\n\n\n\n<p><em><strong>R\u00f6portaj: <\/strong>Mine Ero\u011flu<\/em><\/p>\n\n\n\n<p><em><strong>Ekolojik Ya\u015fam Rehberi, Say\u0131 7, 2011<\/strong><\/em>  <\/p>\n","protected":false},"excerpt":{"rendered":"<p>Victor Ananias\u2019a adad\u0131\u011f\u0131m\u0131z 7. Ekolojik Ya\u015fam Rehberimizin \u201c\u0130\u00e7imizden Biri\u201d b\u00f6l\u00fcm\u00fcn\u00fcn konu\u011fu, o\u011flu Ali Ananias\u2019t\u0131. Ali, bu r\u00f6portaj yap\u0131ld\u0131\u011f\u0131nda 11 ya\u015f\u0131ndayd\u0131&#8230; R\u00f6portajdan dokuz y\u0131l sonra Bu\u011fday Derne\u011fi\u2019nin Zehirsiz Sofralar Projesi kapsam\u0131nda haz\u0131rlanan belgeselin m\u00fcziklerini yapan Ali&#8230;<\/p>\n","protected":false},"author":4,"featured_media":8010,"comment_status":"open","ping_status":"open","sticky":false,"template":"","format":"standard","meta":{"footnotes":""},"categories":[18,483],"tags":[604,248],"_links":{"self":[{"href":"https:\/\/www.bugday.org\/blog\/wp-json\/wp\/v2\/posts\/7850"}],"collection":[{"href":"https:\/\/www.bugday.org\/blog\/wp-json\/wp\/v2\/posts"}],"about":[{"href":"https:\/\/www.bugday.org\/blog\/wp-json\/wp\/v2\/types\/post"}],"author":[{"embeddable":true,"href":"https:\/\/www.bugday.org\/blog\/wp-json\/wp\/v2\/users\/4"}],"replies":[{"embeddable":true,"href":"https:\/\/www.bugday.org\/blog\/wp-json\/wp\/v2\/comments?post=7850"}],"version-history":[{"count":26,"href":"https:\/\/www.bugday.org\/blog\/wp-json\/wp\/v2\/posts\/7850\/revisions"}],"predecessor-version":[{"id":8836,"href":"https:\/\/www.bugday.org\/blog\/wp-json\/wp\/v2\/posts\/7850\/revisions\/8836"}],"wp:featuredmedia":[{"embeddable":true,"href":"https:\/\/www.bugday.org\/blog\/wp-json\/wp\/v2\/media\/8010"}],"wp:attachment":[{"href":"https:\/\/www.bugday.org\/blog\/wp-json\/wp\/v2\/media?parent=7850"}],"wp:term":[{"taxonomy":"category","embeddable":true,"href":"https:\/\/www.bugday.org\/blog\/wp-json\/wp\/v2\/categories?post=7850"},{"taxonomy":"post_tag","embeddable":true,"href":"https:\/\/www.bugday.org\/blog\/wp-json\/wp\/v2\/tags?post=7850"}],"curies":[{"name":"wp","href":"https:\/\/api.w.org\/{rel}","templated":true}]}}