{"id":7833,"date":"2020-06-15T01:02:42","date_gmt":"2020-06-14T22:02:42","guid":{"rendered":"http:\/\/www.bugday.org\/blog\/?p=7833"},"modified":"2020-06-15T01:02:44","modified_gmt":"2020-06-14T22:02:44","slug":"yasayan-bir-mekan-camtepe","status":"publish","type":"post","link":"https:\/\/www.bugday.org\/blog\/yasayan-bir-mekan-camtepe\/","title":{"rendered":"Ya\u015fayan bir mekan \u00c7amtepe"},"content":{"rendered":"\n<p><strong><em>Victor\u2019un att\u0131\u011f\u0131 tohumlar \u00c7amtepe\u2019de ye\u015fermeye, \u00c7amtepe iyilik tohumlar\u0131n\u0131 sa\u00e7maya devam ediyor\u2026<\/em><\/strong><\/p>\n\n\n\n<blockquote class=\"wp-block-quote\"><p><strong>\u00d6zcan Y\u00fcksek, Durukan Dudu ve Selim G\u00f6ker 10. y\u0131l\u0131nda \u00c7amtepe&#8217;yi yazd\u0131. <\/strong><\/p><\/blockquote>\n\n\n\n<hr class=\"wp-block-separator\"\/>\n\n\n\n<h2 class=\"wp-block-heading\"><strong>\u00d6zcan Y\u00fcksek<\/strong><br><\/h2>\n\n\n\n<p>\u00c7amtepe deyince akl\u0131ma Victor, Ya\u015fam Okulu, G\u00fcne\u015fin, Masal Okulu, \u00e7evre k\u00f6ylerdeki T\u00fcrkmen adetleri, \u00e7emberler, ormandaki kamplar, Magma\u2019n\u0131n kurulu\u015fu i\u00e7in Kaza\u011flar\u0131\u2019nda biriken b\u00fcy\u00fck kalabal\u0131k, vitray \u0131\u015f\u0131klar\u0131 geliyor ilk anda. G\u00f6n\u00fcll\u00fcl\u00fc\u011f\u00fcn ve al\u00e7ak g\u00f6n\u00fcll\u00fcl\u00fc\u011f\u00fcn g\u00f6rkemli yarat\u0131c\u0131l\u0131\u011f\u0131 ve g\u00fcc\u00fc geliyor.<br><\/p>\n\n\n\n<hr class=\"wp-block-separator\"\/>\n\n\n\n<h2 class=\"wp-block-heading\"><strong>Durukan Dudu<\/strong><br><\/h2>\n\n\n\n<p>\u00c7amtepe baya&#8217; gams\u0131z asl\u0131nda. Bir \u015fey olmaya \u00e7abalam\u0131yor. Hatta tek \u00e7abas\u0131, bir \u015fey olmamak. Kimliksiz, s\u0131fats\u0131z, havada as\u0131l\u0131 sis gibi &#8211; varl\u0131\u011f\u0131 biline ama dokunulamaya.<br><\/p>\n\n\n\n<p>Bu kimliksizlik sayesinde, herkes kendine yak\u0131\u015ft\u0131rabiliyor \u00c7amtepe&#8217;yi. Ne istersen onu g\u00f6r\u00fcyorsun, hi\u00e7bir \u015feyin olmad\u0131\u011f\u0131 yerde. Verdi\u011fi rahatl\u0131k, yuval\u0131k, sar\u0131p sarmalamal\u0131k ondan bence.<br><\/p>\n\n\n\n<p>Birbirinden bunca farkl\u0131 insan\u0131n ortak noktas\u0131 olmay\u0131 da b\u00f6yle ba\u015far\u0131yor \u00c7amtepe. Ba\u015farmaya \u00e7al\u0131\u015fmayarak. Her s\u0131fattan, karakterden, bak\u0131\u015ftan ve g\u00f6r\u00fc\u015ften herkesin g\u00f6z\u00fcnde havada as\u0131l\u0131, havadan ba\u015fka bir \u015fey olmayarak. Niyeti mi buydu, bu kaos d\u00f6ng\u00fcs\u00fcnde bu &#8220;kenar&#8221;\u0131 eksik g\u00f6rd\u00fc de k\u0131vr\u0131ld\u0131 oraya? Kim bilir? <br><\/p>\n\n\n\n<p>Hatta, hi\u00e7biri. Cevab\u0131 olmayan bo\u015fluk, \u00c7amtepe. Cevap vermeden rahata erdiren.<\/p>\n\n\n\n<hr class=\"wp-block-separator\"\/>\n\n\n\n<h2 class=\"wp-block-heading\"><strong>Selim G\u00f6ker<\/strong><br><\/h2>\n\n\n\n<p>\u00c7amtepe &#8220;mutfak&#8221; benim i\u00e7in. Mutfak; pi\u015firilen yer, pi\u015fen yer demektir ya. Ben de her gitti\u011fimde bazen pi\u015fiyor, bazen pi\u015firiyor, demliyor, demleniyorum.<\/p>\n\n\n\n<p>\u00c7amtepe&#8217;nin her k\u00f6\u015fesinde ayr\u0131 ayr\u0131 manalar, idraklar ya\u015fan\u0131yor ama o mutfak yok mu? Okullar s\u0131ras\u0131nda; dersler, anlat\u0131lar, oyunlar ara verdi\u011finde herkes kendini mutfa\u011fa at\u0131yor. Acayip bir enerjisi var. Asl\u0131nda mutfak ekibi diye bir \u015fey olur her bulu\u015fmada ama birinci g\u00fcn\u00fcn sonunda kat\u0131l\u0131mc\u0131lar\u0131n neredeyse tamam\u0131 buluverir kendini mutfakta. Hemen hemen hi\u00e7bir \u00f6\u011f\u00fcn saatinde ger\u00e7ekle\u015fmez (\u00e7\u00fcnk\u00fc \u00c7amtepe&#8217;nin kendi saati \u00e7al\u0131\u015f\u0131r) ama \u00f6yle yemekler haz\u0131rlan\u0131r ki birlikte, tad\u0131na doyulmaz, \u015fifal\u0131d\u0131r.<\/p>\n\n\n\n<p>Sevgili Victor, seninle tan\u0131\u015fmay\u0131 \u00e7ok isterdim. \u00d6mr\u00fcm\u00fcn neredeyse yar\u0131s\u0131n\u0131 mutfakta ge\u00e7irmi\u015f birisi olarak. Ama sen hep oradaym\u0131\u015fs\u0131n\u0131 hissedenlerdenim. Sevgili G\u00fcne\u015fin&#8217;in dedi\u011fi gibi &#8220;\u00c7amtepe ya\u015fayan bir mekan.&#8221;<\/p>\n\n\n\n<p>Hasretle kucaklamay\u0131 bekliyorum herkesi&#8230;<br><\/p>\n\n\n\n<hr class=\"wp-block-separator\"\/>\n\n\n\n<figure class=\"wp-block-embed-youtube wp-block-embed is-type-video is-provider-youtube wp-embed-aspect-16-9 wp-has-aspect-ratio\"><div class=\"wp-block-embed__wrapper\">\n<p class=\"responsive-embed-wrap clr\"><iframe loading=\"lazy\" width=\"900\" height=\"506\" src=\"https:\/\/www.youtube.com\/embed\/3aICbZVy-Xw?feature=oembed\"  allow=\"accelerometer; autoplay; encrypted-media; gyroscope; picture-in-picture\" allowfullscreen><\/iframe><\/p>\n<\/div><figcaption> <br><strong>\u00c7amtepe Ekolojik Ya\u015fam Merkezi YouTube hesab\u0131n\u0131 <\/strong><a rel=\"noreferrer noopener\" aria-label=\"buradan (yeni sekmede a\u00e7\u0131l\u0131r)\" href=\"https:\/\/www.youtube.com\/channel\/UCgrR3ERz0C5IqF3rTH581bw\" target=\"_blank\"><strong>buradan<\/strong><\/a><strong> takip edebilirsiniz. <\/strong><\/figcaption><\/figure>\n","protected":false},"excerpt":{"rendered":"<p>Victor\u2019un att\u0131\u011f\u0131 tohumlar \u00c7amtepe\u2019de ye\u015fermeye, \u00c7amtepe iyilik tohumlar\u0131n\u0131 sa\u00e7maya devam ediyor\u2026 \u00d6zcan Y\u00fcksek, Durukan Dudu ve Selim G\u00f6ker 10. y\u0131l\u0131nda \u00c7amtepe&#8217;yi yazd\u0131. \u00d6zcan Y\u00fcksek \u00c7amtepe deyince akl\u0131ma Victor, Ya\u015fam Okulu, G\u00fcne\u015fin, Masal Okulu, \u00e7evre k\u00f6ylerdeki&#8230;<\/p>\n","protected":false},"author":4,"featured_media":7839,"comment_status":"open","ping_status":"open","sticky":false,"template":"","format":"standard","meta":{"footnotes":""},"categories":[1],"tags":[544,480,557,602,603],"_links":{"self":[{"href":"https:\/\/www.bugday.org\/blog\/wp-json\/wp\/v2\/posts\/7833"}],"collection":[{"href":"https:\/\/www.bugday.org\/blog\/wp-json\/wp\/v2\/posts"}],"about":[{"href":"https:\/\/www.bugday.org\/blog\/wp-json\/wp\/v2\/types\/post"}],"author":[{"embeddable":true,"href":"https:\/\/www.bugday.org\/blog\/wp-json\/wp\/v2\/users\/4"}],"replies":[{"embeddable":true,"href":"https:\/\/www.bugday.org\/blog\/wp-json\/wp\/v2\/comments?post=7833"}],"version-history":[{"count":11,"href":"https:\/\/www.bugday.org\/blog\/wp-json\/wp\/v2\/posts\/7833\/revisions"}],"predecessor-version":[{"id":8220,"href":"https:\/\/www.bugday.org\/blog\/wp-json\/wp\/v2\/posts\/7833\/revisions\/8220"}],"wp:featuredmedia":[{"embeddable":true,"href":"https:\/\/www.bugday.org\/blog\/wp-json\/wp\/v2\/media\/7839"}],"wp:attachment":[{"href":"https:\/\/www.bugday.org\/blog\/wp-json\/wp\/v2\/media?parent=7833"}],"wp:term":[{"taxonomy":"category","embeddable":true,"href":"https:\/\/www.bugday.org\/blog\/wp-json\/wp\/v2\/categories?post=7833"},{"taxonomy":"post_tag","embeddable":true,"href":"https:\/\/www.bugday.org\/blog\/wp-json\/wp\/v2\/tags?post=7833"}],"curies":[{"name":"wp","href":"https:\/\/api.w.org\/{rel}","templated":true}]}}