{"id":726,"date":"2017-01-19T12:11:02","date_gmt":"2017-01-19T09:11:02","guid":{"rendered":"http:\/\/www.bugday.org\/blog\/?p=726"},"modified":"2017-01-19T12:11:02","modified_gmt":"2017-01-19T09:11:02","slug":"uluslararasi-kompost-konferansini-gerceklestirdik-2","status":"publish","type":"post","link":"https:\/\/www.bugday.org\/blog\/uluslararasi-kompost-konferansini-gerceklestirdik-2\/","title":{"rendered":"Uluslararas\u0131 Kompost Konferans\u0131&#8217;n\u0131 ger\u00e7ekle\u015ftirdik"},"content":{"rendered":"<p>T\u00fcrkiye\u2019de organik \u00e7\u00f6plerin (biyo-at\u0131k) ayr\u0131\u015ft\u0131r\u0131larak toplanmas\u0131 ve topraklar\u0131n verimini artt\u0131ran kompost elde edilmesi i\u00e7in belediyelerle birlikte y\u00fcr\u00fctt\u00fc\u011f\u00fcm\u00fcz ve \u00e7\u00f6p sorununa \u00e7\u00f6z\u00fcm sundu\u011fumuz &#8216;T\u00fcrkiye \u00c7\u00f6p\u00fcn\u00fc D\u00f6n\u00fc\u015ft\u00fcr\u00fcyor!&#8217; projemiz kapsam\u0131nda, 12 Ocak 2017 g\u00fcn\u00fc, Kadir Has \u00dcniversitesi&#8217;nde Avrupa&#8217;dan ve T\u00fcrkiye&#8217;den konunun uzmanlar\u0131n\u0131n konu\u015fmac\u0131 oldu\u011fu Uluslararas\u0131 Kompost Konferans\u0131&#8217;n\u0131 ger\u00e7ekle\u015ftirdik. T\u00fcrkiye \u00e7\u00f6p\u00fcn\u00fcn durumunu, yap\u0131lan kompost tesislerinin neden at\u0131l kald\u0131\u011f\u0131n\u0131 ve kapasite alt\u0131 \u00e7al\u0131\u015ft\u0131\u011f\u0131n\u0131 ara\u015ft\u0131rd\u0131k ve 7 b\u00f6lgeden toplam 18 belediyeyi Avrupa&#8217;daki iyi \u00f6rnekleri yerinde incelemeleri i\u00e7in Avrupa&#8217;ya g\u00f6t\u00fcrerek e\u011fitim verdik. T\u00fcm bu tecr\u00fcbeler, uluslararas\u0131 uzmanlar\u0131n konu\u015fmac\u0131 olarak kat\u0131ld\u0131\u011f\u0131 &#8221;Uluslaras\u0131 Kompost Konferans\u0131&#8221;nda payla\u015f\u0131ld\u0131. 12 ay s\u00fcreli projemizin sonuna do\u011fru gelirken, kompost tesisi kurulumunda izlenecek yol haritas\u0131n\u0131n neler olabilece\u011fini de belirlemi\u015f olduk.\u00a0Projemizin, hazine de\u011ferindeki komposta \u00fclke olarak gereken \u00f6nemi vermemizi sa\u011flayaca\u011f\u0131n\u0131 ve bu yolda bir ad\u0131m olmas\u0131n\u0131 umuyoruz.<\/p>\n","protected":false},"excerpt":{"rendered":"<p>T\u00fcrkiye\u2019de organik \u00e7\u00f6plerin (biyo-at\u0131k) ayr\u0131\u015ft\u0131r\u0131larak toplanmas\u0131 ve topraklar\u0131n verimini artt\u0131ran kompost elde edilmesi i\u00e7in belediyelerle birlikte y\u00fcr\u00fctt\u00fc\u011f\u00fcm\u00fcz ve \u00e7\u00f6p sorununa \u00e7\u00f6z\u00fcm sundu\u011fumuz &#8216;T\u00fcrkiye \u00c7\u00f6p\u00fcn\u00fc D\u00f6n\u00fc\u015ft\u00fcr\u00fcyor!&#8217; projemiz kapsam\u0131nda, 12 Ocak 2017 g\u00fcn\u00fc, Kadir Has \u00dcniversitesi&#8217;nde Avrupa&#8217;dan&#8230;<\/p>\n","protected":false},"author":1,"featured_media":690,"comment_status":"open","ping_status":"open","sticky":false,"template":"","format":"standard","meta":{"footnotes":""},"categories":[1,18],"tags":[],"_links":{"self":[{"href":"https:\/\/www.bugday.org\/blog\/wp-json\/wp\/v2\/posts\/726"}],"collection":[{"href":"https:\/\/www.bugday.org\/blog\/wp-json\/wp\/v2\/posts"}],"about":[{"href":"https:\/\/www.bugday.org\/blog\/wp-json\/wp\/v2\/types\/post"}],"author":[{"embeddable":true,"href":"https:\/\/www.bugday.org\/blog\/wp-json\/wp\/v2\/users\/1"}],"replies":[{"embeddable":true,"href":"https:\/\/www.bugday.org\/blog\/wp-json\/wp\/v2\/comments?post=726"}],"version-history":[{"count":1,"href":"https:\/\/www.bugday.org\/blog\/wp-json\/wp\/v2\/posts\/726\/revisions"}],"predecessor-version":[{"id":727,"href":"https:\/\/www.bugday.org\/blog\/wp-json\/wp\/v2\/posts\/726\/revisions\/727"}],"wp:featuredmedia":[{"embeddable":true,"href":"https:\/\/www.bugday.org\/blog\/wp-json\/wp\/v2\/media\/690"}],"wp:attachment":[{"href":"https:\/\/www.bugday.org\/blog\/wp-json\/wp\/v2\/media?parent=726"}],"wp:term":[{"taxonomy":"category","embeddable":true,"href":"https:\/\/www.bugday.org\/blog\/wp-json\/wp\/v2\/categories?post=726"},{"taxonomy":"post_tag","embeddable":true,"href":"https:\/\/www.bugday.org\/blog\/wp-json\/wp\/v2\/tags?post=726"}],"curies":[{"name":"wp","href":"https:\/\/api.w.org\/{rel}","templated":true}]}}