{"id":7182,"date":"2020-05-14T04:56:03","date_gmt":"2020-05-14T01:56:03","guid":{"rendered":"http:\/\/www.bugday.org\/blog\/?p=7182"},"modified":"2021-04-01T22:25:16","modified_gmt":"2021-04-01T19:25:16","slug":"olum-camtepeye-ugramiyor","status":"publish","type":"post","link":"https:\/\/www.bugday.org\/blog\/olum-camtepeye-ugramiyor\/","title":{"rendered":"&#8220;\u00d6l\u00fcm \u00c7amtepe&#8217;ye u\u011fram\u0131yor.&#8221;"},"content":{"rendered":"\n<h2 class=\"wp-block-heading\">Victor\u2019un att\u0131\u011f\u0131 tohumlar \u00c7amtepe\u2019de ye\u015fermeye, \u00c7amtepe iyilik tohumlar\u0131n\u0131 sa\u00e7maya devam ediyor\u2026<\/h2>\n\n\n\n<blockquote class=\"wp-block-quote\"><p><em><strong>Do\u00e7. Dr. Naci \u00c7ine, \u00c7amtepe hikayesini yazd\u0131: &#8220;<\/strong><\/em><strong>\u00c7amtepe hayalimdeki e\u011fitim alan\u0131n\u0131n ad\u0131d\u0131r. Merak duygusunun a\u011f\u0131r bast\u0131\u011f\u0131, \u00f6\u011fretmenle \u00f6\u011frencinin s\u0131k s\u0131k yer de\u011fi\u015ftirdi\u011fi, bilginin payla\u015f\u0131l\u0131p \u00e7o\u011falt\u0131ld\u0131\u011f\u0131 bir okul, bir s\u0131\u011f\u0131nak.&#8221;<\/strong><\/p><\/blockquote>\n\n\n\n<p>Yar\u0131m saat \u00f6nce her \u015fey bamba\u015fkayd\u0131. \u0130nsanlardan uzaktayd\u0131k. Sessizli\u011fin, orman\u0131n ve denizin kenar\u0131nda kamp yapman\u0131n huzurunu hissediyorduk. \u0130nsan ayn\u0131 anda \u00fc\u00e7 \u015feyin kenar\u0131nda olabilir mi? Olur tabii ki, do\u011fada ise olur. Kenar\u0131n etkisi ba\u015fkad\u0131r&#8230; Bu muazzam an arkada\u015f\u0131m\u0131n feryatlar\u0131yla sona erdi. Ne\u015fe dolu y\u00fcz korkudan sararm\u0131\u015f bir bi\u00e7imde kar\u015f\u0131mda dikildi. Belinin yan taraf\u0131n\u0131 g\u00f6sterdi. &#8220;Yard\u0131m et, anlars\u0131n sen, bak bir \u015funa.&#8221; Bakt\u0131m, keneydi. O k\u0131sm\u0131 anlam\u0131\u015ft\u0131m ama onu \u00e7\u0131karamazd\u0131m. Kamp\u0131 toplay\u0131p en yak\u0131n hastanenin acilinde ald\u0131k solu\u011fu. Korkudan kendini kaybetmi\u015f arkada\u015f\u0131m bir daha asla kamp yapmayaca\u011f\u0131ndan bahsediyor, yetkililerin sorumsuzlu\u011fundan, gerekli \u00f6nlemleri almad\u0131\u011f\u0131ndan, do\u011fayla m\u00fccadele edilmedi\u011finde \u015fikayet ediyordu. <strong>Do\u011fayla m\u00fccadele etmek&#8230; <\/strong><\/p>\n\n\n\n<p>Bu tan\u0131k oldu\u011fum ilk \u00f6rnek de\u011fildi.&nbsp; Kentli insan\u0131n do\u011fayla kurdu\u011fu ili\u015fkinin o h\u00fck\u00fcmran bencilli\u011fi beni hep rahats\u0131z etti. Bir grup insan olarak orman\u0131n i\u00e7inden y\u00fcr\u00fcyerek ge\u00e7ip, ortas\u0131nda mangal yak\u0131p, sonunda ak\u015fam \u00fcst\u00fc \u00e7ay\u0131 i\u00e7ip, otob\u00fcsle evlere d\u00f6n\u00fclen do\u011fa y\u00fcr\u00fcy\u00fc\u015fleri hep bir sorunludur bende. Piknik\u00e7i do\u011fa severli\u011fi de \u00f6yle. Bir \u015feyi sevmek onu tan\u0131mak istemek de\u011fil midir? Bakt\u0131\u011f\u0131n \u015feyi g\u00f6rmeden yan\u0131ndan ge\u00e7ip gitmek onu tan\u0131may\u0131 imkans\u0131z k\u0131l\u0131yor. Tan\u0131yamad\u0131\u011f\u0131m\u0131z \u015feylerden korkmaya ba\u015fl\u0131yor, onlar\u0131 tekinsiz ilan ediyoruz ve sonunda m\u00fccadele etmemiz gerekti\u011fini d\u00fc\u015f\u00fcn\u00fcyoruz. Tam burada durup bir nefes almak ve d\u00fc\u015f\u00fcnmek isterim hep. Pek \u00e7o\u011funuz gibi ben de do\u011fada fazlaca vakit ge\u00e7iriyorum. Uzun y\u0131llard\u0131r kamp kurarak, do\u011fdu\u011fum ve duydu\u011fum her yerde uyudum uyand\u0131m. T\u00fcm bu zamanlar i\u00e7erisinde baz\u0131 kavramlar\u0131 da hi\u00e7 sevemedim. Yukar\u0131da, keneli arkada\u015f\u0131mdan duydu\u011fumuz &#8220;do\u011fayla m\u00fccadele etmek&#8221; bunlardan bir tanesi.&nbsp; <\/p>\n\n\n\n<p>Ekosistem i\u00e7erisindeki t\u00fcm akt\u00f6rler do\u011falar\u0131 gere\u011fi davran\u0131\u015flar g\u00f6sterirler ve bunu yaparken bir beklenti i\u00e7ine de girmezler. G\u00f6ky\u00fcz\u00fcndeki&nbsp; bulutlar ya\u011fmur \u00fcretir. Bulutlar g\u00f6ky\u00fcz\u00fcnde dolanan g\u00f6llerdir bana g\u00f6re, etraflar\u0131 r\u00fczgarl\u0131 ve bolca ku\u015flu&#8230; Kiraz a\u011fa\u00e7lar\u0131 meyve verir ve ate\u015f b\u00f6cekleri geceleri parlar. Her canl\u0131 do\u011fas\u0131 gere\u011fi davran\u0131r. Buna tan\u0131kl\u0131k eden, g\u00f6ren insan \u015fu sorular\u0131 sormal\u0131d\u0131r: &#8220;benim do\u011fam nedir?&#8221; ve &#8220;ya\u015fam havuzumda bana bi\u00e7ilen rol ne?&#8221; Bu sorular ile ilgilenmedi\u011fimiz ortada. \u0130nsano\u011flu taraf\u0131ndan <strong>d\u00fc\u015fman<\/strong> bellenen <strong>m\u00fccadele<\/strong> edilerek talan edilen bir do\u011fa&#8230; Peki bizim g\u00f6rmedi\u011fimiz ve etraf\u0131m\u0131z\u0131 saran t\u00fcm bu canl\u0131larda olan \u015fey ne? Buradaki sihirli kelime <strong>uyum<\/strong>. Do\u011fa t\u00fcm g\u00f6steri\u015fiyle etraf\u0131m\u0131zda bize hep beraber ve hep bir a\u011f\u0131zdan bunu s\u00f6yl\u00fcyor: Do\u011fayla m\u00fccadele etme, sadece uyumlan. <\/p>\n\n\n\n<p>Canl\u0131 varl\u0131klar birbirlerine fizik, kimya ve biyolojinin molek\u00fcler kurallar\u0131 ile ba\u011fl\u0131d\u0131rlar. Aralar\u0131ndaki uyumun temelinde bu yatar. G\u00fcncel insan\u0131n bu ahenkle bir problemi var, \u00e7\u00fcnk\u00fc d\u00fc\u015f\u00fcn\u00fcyor&#8230; Fizi\u011fin, kimyan\u0131n ve biyolojinin molek\u00fcler vicdan\u0131 insan akl\u0131nda yok gibi duruyor. D\u00fc\u015f\u00fcnd\u00fck\u00e7e \u00e7\u0131kar \u00fcretiyor, korku \u00fcretiyor. Bana sorarsan\u0131z, &#8220;benim do\u011fam nedir?&#8221; sorusuna cevab\u0131m, &#8220;her \u015feyle olabildi\u011fince uyumlu olmaya \u00e7al\u0131\u015fmakt\u0131r&#8221; olurdu. Do\u011fayla m\u00fccadele edece\u011fimize onun m\u00fczi\u011fine ortak olmak, yanl\u0131\u015f notalara basmamak zorunday\u0131z. Bunu daha uzatabilirim ama buradan yolumu \u00e7evirip <strong>\u00c7amtepe&#8217;ye<\/strong> do\u011fru ilerlemeye devam ediyorum. <\/p>\n\n\n\n<div class=\"wp-block-image\"><figure class=\"aligncenter\"><img loading=\"lazy\" decoding=\"async\" width=\"1024\" height=\"1024\" src=\"http:\/\/www.bugday.org\/blog\/wp-content\/uploads\/2020\/05\/Naci-\u00c7ine.-\u00c7amtepe-1024x1024.png\" alt=\"\" class=\"wp-image-7208\" srcset=\"https:\/\/www.bugday.org\/blog\/wp-content\/uploads\/2020\/05\/Naci-\u00c7ine.-\u00c7amtepe-1024x1024.png 1024w, https:\/\/www.bugday.org\/blog\/wp-content\/uploads\/2020\/05\/Naci-\u00c7ine.-\u00c7amtepe-320x320.png 320w, https:\/\/www.bugday.org\/blog\/wp-content\/uploads\/2020\/05\/Naci-\u00c7ine.-\u00c7amtepe-300x300.png 300w, https:\/\/www.bugday.org\/blog\/wp-content\/uploads\/2020\/05\/Naci-\u00c7ine.-\u00c7amtepe-768x768.png 768w, https:\/\/www.bugday.org\/blog\/wp-content\/uploads\/2020\/05\/Naci-\u00c7ine.-\u00c7amtepe-60x60.png 60w, https:\/\/www.bugday.org\/blog\/wp-content\/uploads\/2020\/05\/Naci-\u00c7ine.-\u00c7amtepe.png 1080w\" sizes=\"(max-width: 1024px) 100vw, 1024px\" \/><figcaption><strong><em>Naci \u00c7ine <br>\u00c7amtepe Ekolojik Ya\u015fam Merkezi  <\/em><\/strong><\/figcaption><\/figure><\/div>\n\n\n\n<p>T\u00fcm bunlar akl\u0131mda dolan\u0131rken kendimdeki b\u00fcy\u00fck bir eksikli\u011fin fark\u0131na vard\u0131m. Do\u011fada \u00e7ok uzun zaman ge\u00e7iriyordum ama hissetti\u011fim \u00e7ok net bir duygu vard\u0131: Bilgisizlik, cehalet, do\u011fay\u0131 asla bilememe hali. Say\u0131s\u0131z bitki ve canl\u0131 nas\u0131l bilinebilirdi ki? Ama sonra as\u0131l soru geldi. Ya bilinseydi? En az\u0131ndan bir k\u0131sm\u0131n\u0131n ne oldu\u011funu bilme \u015fans\u0131m olsayd\u0131. \u0130\u015fte bu merak duygusuyla aray\u0131\u015fa koyuldum. Do\u011faya uyumlanmak istiyordum. Bunun i\u00e7in onu bilmek ve tan\u0131mak zorundayd\u0131m. Hakk\u0131nda daha \u00e7ok \u015fey \u00f6\u011frenirsem ona ve kendime zarar veremezdim. Ne kadar tan\u0131rsam onu, daha \u00e7ok sevece\u011fim de ortadayd\u0131. Yani bilgim olmal\u0131yd\u0131, oras\u0131 benim i\u00e7in ka\u00e7\u0131n\u0131lmazd\u0131 ama o bilginin de bir \u00f6zelli\u011fi olmal\u0131yd\u0131. \u00c7\u00fcnk\u00fc ben zaten ya\u015fam bilimleri e\u011fitimi ald\u0131m ve ya\u015fam\u0131n temel kurallar\u0131n\u0131 hayat\u0131m boyunca okudum, meslek edindim. Oysa benim ihtiyac\u0131m olan \u015fey hayat\u0131n i\u00e7inde s\u0131nanm\u0131\u015f, ku\u015faklar boyunca deneyimlenmi\u015f, hatas\u0131 ve sevab\u0131 ile bilinen capcanl\u0131 bir bilgiydi. <\/p>\n\n\n\n<p>May\u0131s&#8217;da d\u00fc\u015fen \u00e7i\u011f, sonbaharda biten ot, k\u0131\u015f\u0131n esen r\u00fczgar, yaz\u0131n kuru topra\u011f\u0131n alt\u0131nda ki su&#8230; Yani kitaplarda olmayanlar. \u0130\u015fte t\u00fcm bunlar i\u00e7in \u00e7\u0131kt\u0131\u011f\u0131m yol beni \u00c7amtepe&#8217;ye ula\u015ft\u0131rd\u0131. K\u0131y\u0131dan k\u00f6\u015feden izliyordum ama bir t\u00fcrl\u00fc gitmeye f\u0131rsat bulamam\u0131\u015ft\u0131m. Y\u0131l 2014 idi, \u00c7amtepe&#8217;nin Do\u011fa Okulu \u00e7a\u011fr\u0131s\u0131n\u0131 duyunca ben de art\u0131k duramad\u0131m ve ba\u015fvurdum. Sayfada gelme niyetimi soran bir mesaj vard\u0131. G\u00fcne\u015fin gelmek isteyenlere sorular sormu\u015ftu, ben de o sorulara korka, korka yan\u0131tlar verdim. Sa\u011f olsun, G\u00fcne\u015fin&#8217;in s\u0131nav\u0131ndan ge\u00e7tim ve okula girebildim. Sonunda \u00c7amtepe&#8217;ye gelebilmi\u015ftim. Burcu Meltem Ar\u0131k ve G\u00fcne\u015fin Aydemir e\u011fitmenli\u011finde harika bir ya\u015fam okulu deneyimi ya\u015fad\u0131m. Tam da arad\u0131\u011f\u0131m\u0131 bulmu\u015ftum. Anlat\u0131lan her \u015fey deneyime dayal\u0131yd\u0131. Eski bilgiler de\u015filmi\u015f, yenileriyle harmanlanm\u0131\u015f, ortak ak\u0131lla bi\u00e7imlendirilmi\u015f, korkmayan g\u00f6zlerle de sorgulanm\u0131\u015ft\u0131. O kadar \u00e7ok \u015feyle geri d\u00f6nd\u00fcm ki oradan. \u00d6\u011frendi\u011fim ve \u00fcst\u00fcne ak\u0131l y\u00fcr\u00fctt\u00fc\u011f\u00fcm bilgiler, sonras\u0131nda kar\u015f\u0131la\u015ft\u0131\u011f\u0131m sorular i\u00e7in yan\u0131tlar bulmamda bana rehberlik ettiler, hem de bir s\u00fcr\u00fc tatl\u0131 an\u0131yla beraber. <\/p>\n\n\n\n<p>\u00c7amtepe hayalimdeki e\u011fitim alan\u0131n\u0131n ad\u0131d\u0131r. Merak duygusunun a\u011f\u0131r bast\u0131\u011f\u0131, \u00f6\u011fretmenle \u00f6\u011frencinin s\u0131k s\u0131k yer de\u011fi\u015ftirdi\u011fi, bilginin payla\u015f\u0131l\u0131p \u00e7o\u011falt\u0131ld\u0131\u011f\u0131 bir okul, bir s\u0131\u011f\u0131nak. \u0130lk kat\u0131ld\u0131\u011f\u0131m s\u0131n\u0131fta en gencimiz 8, en ya\u015f\u0131 b\u00fcy\u00fc\u011f\u00fcm\u00fcz 60&#8217;lar\u0131ndayd\u0131. Bu skalan\u0131n ne muazzam bir \u015fey oldu\u011funu anlatmam m\u00fcmk\u00fcn de\u011fil. \u00c7amtepe&#8217;de gen\u00e7 ya da ya\u015fl\u0131 diye bir \u015fey yok. O an\u0131 hisseden ya da hissedemeyen var. \u00c7amtepe&#8217;de o ana ortak olup \u00fcretebiliyorsan\u0131z zaman\u0131 e\u015fitlemi\u015f oluyorsunuz. Bu ger\u00e7ekten deneyimlenilmesi gereken bir g\u00fczellik. <\/p>\n\n\n\n<p>Son bir s\u00f6z olsun: Canl\u0131l\u0131\u011f\u0131n ne oldu\u011funu bildi\u011fim kadar Sevgili Victor&#8217;un hala ya\u015fad\u0131\u011f\u0131n\u0131 da biliyorum, bundan eminim. Bu g\u00fcne kadar el s\u0131k\u0131\u015fmad\u0131\u011f\u0131m bir insan\u0131 hi\u00e7 bu kadar yak\u0131ndan tan\u0131mam\u0131\u015ft\u0131m. O duvardan ak\u0131ll\u0131 ak\u0131ll\u0131 bakan g\u00fczel insanla yeni tan\u0131\u015ft\u0131\u011f\u0131m onlarca Victor arac\u0131l\u0131\u011f\u0131yla geceler boyu konu\u015ftum. Onu da, onu sevenleri de \u00e7ok sevdim. Bug\u00fcn \u015fundan eminim ki, \u00f6l\u00fcm \u00c7amtepe&#8217;ye u\u011fram\u0131yor.<\/p>\n\n\n\n<p><strong><em>Yaz\u0131: <\/em><\/strong><em>Do\u00e7. Dr. Naci \u00c7ine<\/em><\/p>\n","protected":false},"excerpt":{"rendered":"<p>Victor\u2019un att\u0131\u011f\u0131 tohumlar \u00c7amtepe\u2019de ye\u015fermeye, \u00c7amtepe iyilik tohumlar\u0131n\u0131 sa\u00e7maya devam ediyor\u2026 Do\u00e7. Dr. Naci \u00c7ine, \u00c7amtepe hikayesini yazd\u0131: &#8220;\u00c7amtepe hayalimdeki e\u011fitim alan\u0131n\u0131n ad\u0131d\u0131r. Merak duygusunun a\u011f\u0131r bast\u0131\u011f\u0131, \u00f6\u011fretmenle \u00f6\u011frencinin s\u0131k s\u0131k yer de\u011fi\u015ftirdi\u011fi, bilginin payla\u015f\u0131l\u0131p&#8230;<\/p>\n","protected":false},"author":4,"featured_media":7185,"comment_status":"open","ping_status":"open","sticky":false,"template":"","format":"standard","meta":{"footnotes":""},"categories":[18],"tags":[543,480,580],"_links":{"self":[{"href":"https:\/\/www.bugday.org\/blog\/wp-json\/wp\/v2\/posts\/7182"}],"collection":[{"href":"https:\/\/www.bugday.org\/blog\/wp-json\/wp\/v2\/posts"}],"about":[{"href":"https:\/\/www.bugday.org\/blog\/wp-json\/wp\/v2\/types\/post"}],"author":[{"embeddable":true,"href":"https:\/\/www.bugday.org\/blog\/wp-json\/wp\/v2\/users\/4"}],"replies":[{"embeddable":true,"href":"https:\/\/www.bugday.org\/blog\/wp-json\/wp\/v2\/comments?post=7182"}],"version-history":[{"count":4,"href":"https:\/\/www.bugday.org\/blog\/wp-json\/wp\/v2\/posts\/7182\/revisions"}],"predecessor-version":[{"id":118693,"href":"https:\/\/www.bugday.org\/blog\/wp-json\/wp\/v2\/posts\/7182\/revisions\/118693"}],"wp:featuredmedia":[{"embeddable":true,"href":"https:\/\/www.bugday.org\/blog\/wp-json\/wp\/v2\/media\/7185"}],"wp:attachment":[{"href":"https:\/\/www.bugday.org\/blog\/wp-json\/wp\/v2\/media?parent=7182"}],"wp:term":[{"taxonomy":"category","embeddable":true,"href":"https:\/\/www.bugday.org\/blog\/wp-json\/wp\/v2\/categories?post=7182"},{"taxonomy":"post_tag","embeddable":true,"href":"https:\/\/www.bugday.org\/blog\/wp-json\/wp\/v2\/tags?post=7182"}],"curies":[{"name":"wp","href":"https:\/\/api.w.org\/{rel}","templated":true}]}}