{"id":6449,"date":"2020-03-15T06:37:09","date_gmt":"2020-03-15T03:37:09","guid":{"rendered":"http:\/\/www.bugday.org\/blog\/?p=6449"},"modified":"2020-10-23T13:24:23","modified_gmt":"2020-10-23T10:24:23","slug":"camtepenin-yasam-dongusune-karisanlar","status":"publish","type":"post","link":"https:\/\/www.bugday.org\/blog\/camtepenin-yasam-dongusune-karisanlar\/","title":{"rendered":"\u00c7amtepe\u2019nin Ya\u015fam D\u00f6ng\u00fcs\u00fcne Kar\u0131\u015fanlar"},"content":{"rendered":"\n<p><strong>\u00d6zge O\u011fuz, \u00c7amtepe&#8217;yle hikayesini yazd\u0131: &#8220;Orada ge\u00e7irdi\u011fim bir hafta boyunca \u00f6\u011frendiklerim, sonras\u0131nda yapmak istediklerimin tohumuymu\u015f me\u011fer&#8230;&#8221; <\/strong><\/p>\n\n\n\n<p>Bundan 7 y\u0131l \u00f6nce, kat\u0131lm\u0131\u015f oldu\u011fum bir proje sayesinde \u00c7amtepe\u2019ye yolum d\u00fc\u015ft\u00fc\u011f\u00fcnde \u00fcniversitedeydim. Orada ge\u00e7irdi\u011fim bir hafta boyunca \u00f6\u011frendiklerim, sonras\u0131nda yapmak istediklerimin tohumuymu\u015f me\u011fer, sonradan fark ettim. <\/p>\n\n\n\n<p>Kara tahtan\u0131n ba\u015f\u0131nda dinledi\u011fim konular, birlikte k\u0131z\u0131l\u00e7amlar\u0131n alt\u0131nda yedi\u011fimiz yemekler, avludaki zeytin ve f\u0131st\u0131k a\u011fac\u0131n\u0131n dibinde yapt\u0131\u011f\u0131m\u0131z muhabbetler d\u00fcn gibi hat\u0131r\u0131mda. E\u011fitimin son g\u00fcn\u00fc \u00c7amtepe\u2019den y\u00fcr\u00fcyerek ayr\u0131l\u0131rken ard\u0131ma bakt\u0131m ve son bir kare \u00e7ektim incirlerin aras\u0131ndan. \u0130\u00e7imde ye\u015ferecek tohumlar\u0131 hat\u0131rlatmas\u0131 i\u00e7in de d\u00f6n\u00fcnce gittim duvar\u0131ma ast\u0131m. O resim orada as\u0131l\u0131 kald\u0131 ve ard\u0131ndan benimle yollara \u00e7\u0131kt\u0131.<\/p>\n\n\n\n<hr class=\"wp-block-separator\"\/>\n\n\n\n<div class=\"wp-block-image\"><figure class=\"aligncenter is-resized\"><img loading=\"lazy\" decoding=\"async\" src=\"http:\/\/www.bugday.org\/blog\/wp-content\/uploads\/2020\/03\/22344756_1959695504284688_2472899816640741376_n-819x1024.jpg\" alt=\"\" class=\"wp-image-6450\" width=\"507\" height=\"633\" srcset=\"https:\/\/www.bugday.org\/blog\/wp-content\/uploads\/2020\/03\/22344756_1959695504284688_2472899816640741376_n-819x1024.jpg 819w, https:\/\/www.bugday.org\/blog\/wp-content\/uploads\/2020\/03\/22344756_1959695504284688_2472899816640741376_n-240x300.jpg 240w, https:\/\/www.bugday.org\/blog\/wp-content\/uploads\/2020\/03\/22344756_1959695504284688_2472899816640741376_n-768x960.jpg 768w, https:\/\/www.bugday.org\/blog\/wp-content\/uploads\/2020\/03\/22344756_1959695504284688_2472899816640741376_n.jpg 1080w\" sizes=\"(max-width: 507px) 100vw, 507px\" \/><figcaption><em>\u00c7amtepe&#8217;de an. 2013 <\/em><\/figcaption><\/figure><\/div>\n\n\n\n<p>\u00c7\u0131kt\u0131\u011f\u0131m yollar bana \u00c7amtepe\u2019yi \u00f6zlemle hat\u0131rlatt\u0131. \u00c7ocuklarla ve ebeveynlerle ekolojik, demokratik, alternatif bir okulun temellerini atarken; \u00f6\u011fretmenlerle birlikte deneyimlerimizi payla\u015fabilece\u011fimiz bir k\u00f6y arazisinde \u00e7al\u0131\u015f\u0131rken i\u00e7imdeki tohumlar kabuklar\u0131n\u0131 \u00e7atlatm\u0131\u015f filizlenmeye ba\u015flam\u0131\u015ft\u0131 bile. Bu tohumlar\u0131n meyvelerini d\u00f6n\u00fcp yine \u00c7amtepe\u2019de yiyebilece\u011fim akl\u0131m\u0131n ucundan ge\u00e7mezdi&#8230; <\/p>\n\n\n\n<p>3 y\u0131l \u00f6nce d\u00f6nd\u00fcm geldim hikayenin ba\u015flad\u0131\u011f\u0131 yere, yuvam\u0131 da ta\u015f\u0131d\u0131m ve \u00c7amtepe\u2019nin ya\u015fam d\u00f6ng\u00fcs\u00fcne kar\u0131\u015ft\u0131m. Hem de bu sefer \u00e7ocuklarla, y\u0131llar \u00f6nce ba\u015flayan bir oyun grubunun par\u00e7as\u0131 olarak. \u00c7amtepe o s\u0131ralar kendi kabu\u011funa \u00e7ekilmi\u015f dinleniyordu. Y\u0131llar sonra girdi\u011fimde kap\u0131s\u0131ndan i\u00e7eri art\u0131k birlikte nefeslenme vakti oldu\u011funu s\u00f6yl\u00fcyor gibiydi.  <\/p>\n\n\n\n<hr class=\"wp-block-separator\"\/>\n\n\n\n<div class=\"wp-block-image\"><figure class=\"aligncenter\"><img loading=\"lazy\" decoding=\"async\" width=\"1024\" height=\"576\" src=\"http:\/\/www.bugday.org\/blog\/wp-content\/uploads\/2020\/03\/30078158_1788895808086047_7242911596752666624_n-1-1024x576.jpg\" alt=\"\" class=\"wp-image-6468\" srcset=\"https:\/\/www.bugday.org\/blog\/wp-content\/uploads\/2020\/03\/30078158_1788895808086047_7242911596752666624_n-1-1024x576.jpg 1024w, https:\/\/www.bugday.org\/blog\/wp-content\/uploads\/2020\/03\/30078158_1788895808086047_7242911596752666624_n-1-300x169.jpg 300w, https:\/\/www.bugday.org\/blog\/wp-content\/uploads\/2020\/03\/30078158_1788895808086047_7242911596752666624_n-1-768x432.jpg 768w, https:\/\/www.bugday.org\/blog\/wp-content\/uploads\/2020\/03\/30078158_1788895808086047_7242911596752666624_n-1.jpg 1080w\" sizes=\"(max-width: 1024px) 100vw, 1024px\" \/><figcaption>\u00d6zge O\u011fuz, \u00c7amtepe<\/figcaption><\/figure><\/div>\n\n\n\n<p>G\u00fcne\u015fin kap\u0131lar\u0131 a\u00e7t\u0131, sevgiyle i\u00e7eri buyur etti. Beverley, Esenay, Semra, Burcu, Asl\u0131, Burhan, Bur\u00e7ak, Volkan ve Tolga \u00e7ocuklarla birlikte \u00c7amtepe\u2019yi payla\u015fabilmemiz i\u00e7in \u00e7ok emek verdi. Uras, Selvi, Mercan, Riva, Toprak, Melisa, Dersu ve Bbom Ayval\u0131k \u00e7ocuklar\u0131 ise t\u00fcm bu s\u00fcrece canl\u0131l\u0131k katt\u0131. \u00c7amtepe\u2019yi \u00e7ocuklarla payla\u015fmak, do\u011fayla birlikte bulu\u015fmak \u015fahane bir deneyimdi. Bu sayede \u00c7amtepe\u2019den daha \u00e7ok \u00e7ocu\u011fun yolu ge\u00e7ti ve eminim ki i\u00e7lerine zamanla ye\u015ferecek tohumlar d\u00fc\u015ft\u00fc daha o g\u00fcnlerde. <\/p>\n\n\n\n<p>Bu s\u00fcre i\u00e7inde yaz programlar\u0131 da geri d\u00f6nd\u00fc. Gen\u00e7ler K\u0131rsala ile ekolojik bir ya\u015fam\u0131 hayal edenler, Ya\u015fam Okulu ile d\u00fc\u015f\u00fcnd\u00fcrenler, do\u011fay\u0131 g\u00f6zlemleyenler, sanat sevenler, bitkileri \u00f6\u011frenmek, birlikte \u00fcretmek isteyenler bulu\u015ftu. \u015eimdilerde ise G\u00fcne\u015fin ve Hilal\u2019le birlikte k\u0131\u015f aylar\u0131nda hayallerini kurdu\u011fumuz programlar\u0131 \u00c7amtepe\u2019de hayata ge\u00e7irecek olman\u0131n tatl\u0131 tela\u015f\u0131 var \u00fczerimizde. May\u0131s ay\u0131ndan Eyl\u00fcl sonuna kadar bakal\u0131m \u00c7amtepe\u2019nin sevgiyle \u00f6r\u00fclm\u00fc\u015f duvarlar\u0131 aras\u0131na hangi an\u0131lar sinecek, yolu buraya d\u00fc\u015fenler hangi tohumlardan nasiplenecek&#8230;  <\/p>\n\n\n\n<p>\u00c7amtepe Ekolojik Ya\u015fam Merkezi\u2019nin 10. y\u0131l\u0131n\u0131 b\u00fcy\u00fck bir minnetle, \u00e7i\u00e7ek a\u00e7m\u0131\u015f bahar dal\u0131 tazeli\u011finde bir sevin\u00e7le kutluyorum i\u00e7imde. \u201cYa\u015fam d\u00f6n\u00fc\u015f\u00fcmd\u00fcr\u201d diyen Victor\u2019u avluda g\u00fcne\u015fe kar\u015f\u0131 s\u0131rt\u0131m\u0131 dayad\u0131\u011f\u0131m, mutfa\u011f\u0131nda \u00e7orba kar\u0131\u015ft\u0131rd\u0131\u011f\u0131m, orman\u0131nda nefes ald\u0131\u011f\u0131m bu mekanda her an sevgiyle an\u0131yorum.  <\/p>\n\n\n\n<p>\u00c7amtepe\u2019nin 2020 programlar\u0131nda bulu\u015fmak \u00fcmidiyle&#8230; <\/p>\n\n\n\n<p><strong>Yaz\u0131: \u00d6zge O\u011fuz<\/strong><\/p>\n\n\n\n<p><strong>Foto\u011fraflar: <\/strong>\u00d6zge O\u011fuz Ar\u015fivi <\/p>\n\n\n\n<blockquote class=\"wp-block-quote\"><p>Facebook: <a rel=\"noreferrer noopener\" aria-label=\"@camtepe (yeni sekmede a\u00e7\u0131l\u0131r)\" href=\"https:\/\/www.facebook.com\/camtepe\/\" target=\"_blank\">@camtepe<\/a> <br>\u0130nstagram: <a rel=\"noreferrer noopener\" href=\"https:\/\/www.instagram.com\/camtepeyasammerkezi\/\" target=\"_blank\">@camtepeyasammerkezi <\/a><\/p><\/blockquote>\n","protected":false},"excerpt":{"rendered":"<p>\u00d6zge O\u011fuz, \u00c7amtepe&#8217;yle hikayesini yazd\u0131: &#8220;Orada ge\u00e7irdi\u011fim bir hafta boyunca \u00f6\u011frendiklerim, sonras\u0131nda yapmak istediklerimin tohumuymu\u015f me\u011fer&#8230;&#8221; Bundan 7 y\u0131l \u00f6nce, kat\u0131lm\u0131\u015f oldu\u011fum bir proje sayesinde \u00c7amtepe\u2019ye yolum d\u00fc\u015ft\u00fc\u011f\u00fcnde \u00fcniversitedeydim. Orada ge\u00e7irdi\u011fim bir hafta boyunca \u00f6\u011frendiklerim,&#8230;<\/p>\n","protected":false},"author":4,"featured_media":6519,"comment_status":"open","ping_status":"open","sticky":false,"template":"","format":"standard","meta":{"footnotes":""},"categories":[18],"tags":[480,224,534,248],"_links":{"self":[{"href":"https:\/\/www.bugday.org\/blog\/wp-json\/wp\/v2\/posts\/6449"}],"collection":[{"href":"https:\/\/www.bugday.org\/blog\/wp-json\/wp\/v2\/posts"}],"about":[{"href":"https:\/\/www.bugday.org\/blog\/wp-json\/wp\/v2\/types\/post"}],"author":[{"embeddable":true,"href":"https:\/\/www.bugday.org\/blog\/wp-json\/wp\/v2\/users\/4"}],"replies":[{"embeddable":true,"href":"https:\/\/www.bugday.org\/blog\/wp-json\/wp\/v2\/comments?post=6449"}],"version-history":[{"count":14,"href":"https:\/\/www.bugday.org\/blog\/wp-json\/wp\/v2\/posts\/6449\/revisions"}],"predecessor-version":[{"id":10002,"href":"https:\/\/www.bugday.org\/blog\/wp-json\/wp\/v2\/posts\/6449\/revisions\/10002"}],"wp:featuredmedia":[{"embeddable":true,"href":"https:\/\/www.bugday.org\/blog\/wp-json\/wp\/v2\/media\/6519"}],"wp:attachment":[{"href":"https:\/\/www.bugday.org\/blog\/wp-json\/wp\/v2\/media?parent=6449"}],"wp:term":[{"taxonomy":"category","embeddable":true,"href":"https:\/\/www.bugday.org\/blog\/wp-json\/wp\/v2\/categories?post=6449"},{"taxonomy":"post_tag","embeddable":true,"href":"https:\/\/www.bugday.org\/blog\/wp-json\/wp\/v2\/tags?post=6449"}],"curies":[{"name":"wp","href":"https:\/\/api.w.org\/{rel}","templated":true}]}}