{"id":6317,"date":"2020-03-15T06:44:59","date_gmt":"2020-03-15T03:44:59","guid":{"rendered":"http:\/\/www.bugday.org\/blog\/?p=6317"},"modified":"2020-10-23T13:28:42","modified_gmt":"2020-10-23T10:28:42","slug":"insana-ve-dogaya-yakisan-mekanlar","status":"publish","type":"post","link":"https:\/\/www.bugday.org\/blog\/insana-ve-dogaya-yakisan-mekanlar\/","title":{"rendered":"\u0130nsana ve do\u011faya yak\u0131\u015fan mekanlar"},"content":{"rendered":"\n<blockquote class=\"wp-block-quote\"><p><strong>Victor Ananias, \u00c7amtepe Ekolojik Ya\u015fam K\u00fclt\u00fcr\u00fc Merkezi&#8217;nin hayalini kuruyor:<\/strong> <em>&#8220;Bu\u011fday Derne\u011fi&#8217;nin yeni \u00e7al\u0131\u015fma mekan\u0131 olacak buras\u0131. Masa ba\u015f\u0131nda de\u011fil yerinde, ta\u015flar\u0131n, k\u00fct\u00fcklerin \u00fczerinde oturup izleyerek, \u00e7evredeki ku\u015flar\u0131, r\u00fczgar\u0131, daha ince sesleri, arkas\u0131ndaki derin sessizli\u011fi ve bunlara kar\u0131\u015fan insan seslerini dinleyerek \u00e7al\u0131\u015f\u0131yorum.&#8221;<\/em><\/p><\/blockquote>\n\n\n\n<p>Yeniden insana yak\u0131\u015fan bar\u0131naklar tasarlamak, ya\u015fam\u0131 kucaklayacak, kendileri de s\u00fcrekli ya\u015fayan, d\u00f6n\u00fc\u015fen mekanlar olu\u015fturmak i\u00e7in kendi ya\u015fant\u0131m\u0131 g\u00f6zden ge\u00e7irme, yeniden d\u00fczenlemeyle i\u015fe ba\u015flad\u0131m bug\u00fcnlerde. Ekip olarak geldi\u011fimiz noktadaki ihtiya\u00e7 \u00fczerine bir d\u00f6nem \u00e7ok severek yapt\u0131\u011f\u0131m ekolojik mimari i\u015fime d\u00f6n\u00fcyorum.<\/p>\n\n\n\n<p>\u0130ki hafta \u00f6nce ba\u015flang\u0131c\u0131n\u0131 m\u00fcjdeledi\u011fimiz yeni k\u0131rsal dernek merkezinin mekan tasar\u0131m\u0131 \u00fczerinde \u00e7al\u0131\u015f\u0131yorum bu aralar. \u0130n\u015fallah bir s\u00fcre sonra Bu\u011fday Derne\u011fi&#8217;nin yeni \u00e7al\u0131\u015fma mekan\u0131 olacak buras\u0131. Masa ba\u015f\u0131nda de\u011fil yerinde, ta\u015flar\u0131n, k\u00fct\u00fcklerin \u00fczerinde oturup izleyerek, \u00e7evredeki ku\u015flar\u0131, r\u00fczgar\u0131, daha ince sesleri, arkas\u0131ndaki derin sessizli\u011fi ve bunlara kar\u0131\u015fan insan seslerini dinleyerek \u00e7al\u0131\u015f\u0131yorum. Kom\u015fuluk edece\u011fimiz insanlarla hayallerini ve ihtiya\u00e7lar\u0131n\u0131 konu\u015fuyorum. Halihaz\u0131rda burada ya\u015fayanlar\u0131n de\u011ferlerine, ya\u015famlar\u0131na, hayallerine sayg\u0131l\u0131 olarak, hep onlar\u0131 hesaba katarak, do\u011fan\u0131n mevsimsel, g\u00fcnl\u00fck ve anl\u0131k d\u00f6n\u00fc\u015f\u00fcmlerini izleyerek, ondan \u00f6\u011frenerek her an yeniden, her sayfas\u0131 ayn\u0131 bilgiyi b\u00fcy\u00fck bir ustal\u0131k, \u00e7e\u015fitlilik ve g\u00fczellikle ifade eden yarad\u0131l\u0131\u015f kitab\u0131n\u0131 \u00f6zenle okuyarak.<\/p>\n\n\n\n<hr class=\"wp-block-separator\"\/>\n\n\n\n<ul class=\"wp-block-gallery aligncenter columns-3 is-cropped wp-block-gallery-1 is-layout-flex wp-block-gallery-is-layout-flex\"><li class=\"blocks-gallery-item\"><figure><img loading=\"lazy\" decoding=\"async\" width=\"1024\" height=\"768\" src=\"http:\/\/www.bugday.org\/blog\/wp-content\/uploads\/2020\/03\/P1000328-1024x768.jpg\" alt=\"\" data-id=\"6421\" data-link=\"http:\/\/www.bugday.org\/blog\/?attachment_id=6421\" class=\"wp-image-6421\" srcset=\"https:\/\/www.bugday.org\/blog\/wp-content\/uploads\/2020\/03\/P1000328-1024x768.jpg 1024w, https:\/\/www.bugday.org\/blog\/wp-content\/uploads\/2020\/03\/P1000328-300x225.jpg 300w, https:\/\/www.bugday.org\/blog\/wp-content\/uploads\/2020\/03\/P1000328-768x576.jpg 768w\" sizes=\"(max-width: 1024px) 100vw, 1024px\" \/><\/figure><\/li><li class=\"blocks-gallery-item\"><figure><img loading=\"lazy\" decoding=\"async\" width=\"1024\" height=\"768\" src=\"http:\/\/www.bugday.org\/blog\/wp-content\/uploads\/2020\/03\/P1000324-1024x768.jpg\" alt=\"\" data-id=\"6425\" data-link=\"http:\/\/www.bugday.org\/blog\/?attachment_id=6425\" class=\"wp-image-6425\" srcset=\"https:\/\/www.bugday.org\/blog\/wp-content\/uploads\/2020\/03\/P1000324-1024x768.jpg 1024w, https:\/\/www.bugday.org\/blog\/wp-content\/uploads\/2020\/03\/P1000324-300x225.jpg 300w, https:\/\/www.bugday.org\/blog\/wp-content\/uploads\/2020\/03\/P1000324-768x576.jpg 768w\" sizes=\"(max-width: 1024px) 100vw, 1024px\" \/><\/figure><\/li><li class=\"blocks-gallery-item\"><figure><img loading=\"lazy\" decoding=\"async\" width=\"1024\" height=\"768\" src=\"http:\/\/www.bugday.org\/blog\/wp-content\/uploads\/2020\/03\/P1000329-1-1024x768.jpg\" alt=\"\" data-id=\"6426\" data-link=\"http:\/\/www.bugday.org\/blog\/?attachment_id=6426\" class=\"wp-image-6426\" srcset=\"https:\/\/www.bugday.org\/blog\/wp-content\/uploads\/2020\/03\/P1000329-1-1024x768.jpg 1024w, https:\/\/www.bugday.org\/blog\/wp-content\/uploads\/2020\/03\/P1000329-1-300x225.jpg 300w, https:\/\/www.bugday.org\/blog\/wp-content\/uploads\/2020\/03\/P1000329-1-768x576.jpg 768w\" sizes=\"(max-width: 1024px) 100vw, 1024px\" \/><\/figure><\/li><\/ul>\n\n\n\n<div class=\"wp-block-image\"><figure class=\"aligncenter is-resized\"><img loading=\"lazy\" decoding=\"async\" src=\"http:\/\/www.bugday.org\/blog\/wp-content\/uploads\/2020\/03\/P1000322-1-1024x768.jpg\" alt=\"\" class=\"wp-image-6428\" width=\"580\" height=\"435\" srcset=\"https:\/\/www.bugday.org\/blog\/wp-content\/uploads\/2020\/03\/P1000322-1-1024x768.jpg 1024w, https:\/\/www.bugday.org\/blog\/wp-content\/uploads\/2020\/03\/P1000322-1-300x225.jpg 300w, https:\/\/www.bugday.org\/blog\/wp-content\/uploads\/2020\/03\/P1000322-1-768x576.jpg 768w\" sizes=\"(max-width: 580px) 100vw, 580px\" \/><figcaption><strong>\u00c7amtepe in\u015faat halindeyken bile ilk misafirlerini a\u011f\u0131rlamaya haz\u0131rlan\u0131yor. <br>Do\u011fa Derne\u011fi ve Bu\u011fdaygiller bulu\u015fmas\u0131 i\u00e7in masalar, sedirler yap\u0131l\u0131yor. <br><\/strong><em><strong>Victor Ananias ve <\/strong><\/em><strong>\u015eebnem Era\u015f \u00c7elebi <\/strong><em><strong>, 2007<\/strong><\/em><strong> <\/strong><br><\/figcaption><\/figure><\/div>\n\n\n\n<p>Bu\u011fday&#8217;\u0131n \u00e7al\u0131\u015fma mekan\u0131n\u0131 tasarlarken ayn\u0131 zamanda burada \u00e7al\u0131\u015facak, ya\u015fayacak insanlar\u0131n oturacaklar\u0131 evlerle ilgili de taslaklar \u00e7iziyorum; mekanlar \u015fekillendiriyorum zihnimde, g\u00f6nl\u00fcmde. Bunlar da her ki\u015fiyi sevgiyle bar\u0131nd\u0131racak, \u0131s\u0131tacak, serinletecek, besleyecek, huzurla dolduracak, umut verecek, \u00fcretken k\u0131lacak, g\u00f6nl\u00fcndeki de\u011ferlerle ya\u015famas\u0131 i\u00e7in destekleyecek mekanlar olmal\u0131 mutlaka. Ayn\u0131 do\u011fa kurallar\u0131, y\u00f6re ko\u015fullar\u0131, malzeme, teknikler kullan\u0131larak fakat her biri ayr\u0131 ayr\u0131, \u00f6zenle tasarlan\u0131p yap\u0131lm\u0131\u015f. K\u00fc\u00e7\u00fck, b\u00fcy\u00fck, \u00e7ok \u0131\u015f\u0131kl\u0131-d\u0131\u015fa a\u00e7\u0131k, i\u00e7ine kapan\u0131k-kuytu, \u00e7ok odakl\u0131, tek mekanda \u00e7\u00f6z\u00fclm\u00fc\u015f, sade, daha oyuncakl\u0131, \u00e7ok e\u015fya kald\u0131racak, e\u015fyas\u0131 kendinden bar\u0131naklar. Ama hepsi de yap\u0131l\u0131rken ve ya\u015fan\u0131rken do\u011fadan \u00e7almadan, do\u011fadan ald\u0131\u011f\u0131n\u0131 ya\u015fam s\u00fcresinde kat kat geri \u00f6deyecek \u015fekilde in\u015fa edilen ve kullan\u0131labilen yap\u0131lar.<\/p>\n\n\n\n<hr class=\"wp-block-separator\"\/>\n\n\n\n<div class=\"wp-block-image\"><figure class=\"aligncenter is-resized\"><img loading=\"lazy\" decoding=\"async\" src=\"http:\/\/www.bugday.org\/blog\/wp-content\/uploads\/2020\/01\/394198_233932186684136_292703943_n.jpg\" alt=\"\" class=\"wp-image-5547\" width=\"551\" height=\"367\" srcset=\"https:\/\/www.bugday.org\/blog\/wp-content\/uploads\/2020\/01\/394198_233932186684136_292703943_n.jpg 720w, https:\/\/www.bugday.org\/blog\/wp-content\/uploads\/2020\/01\/394198_233932186684136_292703943_n-300x200.jpg 300w\" sizes=\"(max-width: 551px) 100vw, 551px\" \/><figcaption><strong>\u00c7amtepe Ekolojik Ya\u015fam K\u00fclt\u00fcr\u00fc Merkezi <\/strong><br><strong>Adatepeba\u015f\u0131 K\u00f6y\u00fc\/\u00c7anakkale  <\/strong><\/figcaption><\/figure><\/div>\n\n\n\n<p>Bu mekanlar in\u015fa edilirken ve kullan\u0131l\u0131rken en az ekolojik ayak izi yani geri d\u00f6nd\u00fcr\u00fclemeyecek zarara sebep olan malzemeye ihtiya\u00e7 duyulacak. \u00d6rne\u011fin, ana yap\u0131 malzemesi olarak in\u015faat\u0131n yap\u0131laca\u011f\u0131 y\u00f6reden ta\u015f, \u00e7e\u015fitli topraklar, kire\u00e7, \u00e7am, zeytin gibi yerel a\u011fa\u00e7lar, kam\u0131\u015f, yosun, \u00e7e\u015fitli kurutulmu\u015f bitkiler, bitkisel ya\u011flar kullan\u0131lacak. Tasar\u0131ma g\u00f6re malzeme sat\u0131n al\u0131nmayacak, bulunan malzemeye g\u00f6re tasar\u0131m yap\u0131lacak, ihtiya\u00e7lar\u0131 en iyi \u015fekilde kar\u015f\u0131layacak \u015fekilde. \u0130n\u015faat yap\u0131l\u0131rken malzeme ta\u015f\u0131nmas\u0131, haz\u0131rlanmas\u0131 ve kullan\u0131m\u0131nda m\u00fcmk\u00fcn oldu\u011funca az tahribat, fosil yak\u0131t kullan\u0131m\u0131, g\u00fcr\u00fclt\u00fc ve di\u011fer kirliliklere yol a\u00e7ma konusunda her ad\u0131mda dikkat edilecek. Bar\u0131naklar in\u015fa edildikten sonra da g\u00fcne\u015f, yerin \u0131s\u0131s\u0131, su cazibesi gibi do\u011fal kaynaklardan beslenerek, suyu, havay\u0131, topra\u011f\u0131 kal\u0131c\u0131 kirleticilere bula\u015ft\u0131rmadan i\u00e7inde ya\u015fayanlar\u0131n t\u00fcm ihtiya\u00e7lar\u0131n\u0131 kar\u015f\u0131layabilecek. \u00d6rne\u011fin, elektrik g\u00fcne\u015ften, r\u00fczgardan elde edilecek mekanlar so\u011fukta kolay \u0131s\u0131nacak, s\u0131cakta serin kalacak \u015fekilde yap\u0131lacak, kullan\u0131lan su ar\u0131t\u0131larak yeniden do\u011faya d\u00f6nd\u00fcr\u00fclecek. <\/p>\n\n\n\n<hr class=\"wp-block-separator\"\/>\n\n\n\n<p><em><strong>*Victor Ananias, Ya\u015fam D\u00f6n\u00fc\u015f\u00fcmd\u00fcr, Do\u011fan Kitap, \u0130stanbul 2016, syf. 139-140. <\/strong><\/em><\/p>\n\n\n\n<blockquote class=\"wp-block-quote\"><p><strong>Kitab\u0131&nbsp;<\/strong><a rel=\"noreferrer noopener\" href=\"https:\/\/dukkan.bugday.org\/index.php?route=product\/product&amp;product_id=27\" target=\"_blank\"><strong>buradan<\/strong><\/a><strong>&nbsp;edinebilir ve toplu sipari\u015f verebilirsiniz.<\/strong><\/p><\/blockquote>\n","protected":false},"excerpt":{"rendered":"<p>Victor Ananias, \u00c7amtepe Ekolojik Ya\u015fam K\u00fclt\u00fcr\u00fc Merkezi&#8217;nin hayalini kuruyor: &#8220;Bu\u011fday Derne\u011fi&#8217;nin yeni \u00e7al\u0131\u015fma mekan\u0131 olacak buras\u0131. Masa ba\u015f\u0131nda de\u011fil yerinde, ta\u015flar\u0131n, k\u00fct\u00fcklerin \u00fczerinde oturup izleyerek, \u00e7evredeki ku\u015flar\u0131, r\u00fczgar\u0131, daha ince sesleri, arkas\u0131ndaki derin sessizli\u011fi ve&#8230;<\/p>\n","protected":false},"author":4,"featured_media":6327,"comment_status":"open","ping_status":"open","sticky":false,"template":"","format":"standard","meta":{"footnotes":""},"categories":[18,349],"tags":[480,248],"_links":{"self":[{"href":"https:\/\/www.bugday.org\/blog\/wp-json\/wp\/v2\/posts\/6317"}],"collection":[{"href":"https:\/\/www.bugday.org\/blog\/wp-json\/wp\/v2\/posts"}],"about":[{"href":"https:\/\/www.bugday.org\/blog\/wp-json\/wp\/v2\/types\/post"}],"author":[{"embeddable":true,"href":"https:\/\/www.bugday.org\/blog\/wp-json\/wp\/v2\/users\/4"}],"replies":[{"embeddable":true,"href":"https:\/\/www.bugday.org\/blog\/wp-json\/wp\/v2\/comments?post=6317"}],"version-history":[{"count":21,"href":"https:\/\/www.bugday.org\/blog\/wp-json\/wp\/v2\/posts\/6317\/revisions"}],"predecessor-version":[{"id":10004,"href":"https:\/\/www.bugday.org\/blog\/wp-json\/wp\/v2\/posts\/6317\/revisions\/10004"}],"wp:featuredmedia":[{"embeddable":true,"href":"https:\/\/www.bugday.org\/blog\/wp-json\/wp\/v2\/media\/6327"}],"wp:attachment":[{"href":"https:\/\/www.bugday.org\/blog\/wp-json\/wp\/v2\/media?parent=6317"}],"wp:term":[{"taxonomy":"category","embeddable":true,"href":"https:\/\/www.bugday.org\/blog\/wp-json\/wp\/v2\/categories?post=6317"},{"taxonomy":"post_tag","embeddable":true,"href":"https:\/\/www.bugday.org\/blog\/wp-json\/wp\/v2\/tags?post=6317"}],"curies":[{"name":"wp","href":"https:\/\/api.w.org\/{rel}","templated":true}]}}