{"id":5354,"date":"2020-01-13T11:13:09","date_gmt":"2020-01-13T08:13:09","guid":{"rendered":"http:\/\/www.bugday.org\/blog\/?p=5354"},"modified":"2020-10-23T13:39:57","modified_gmt":"2020-10-23T10:39:57","slug":"gozu-bir-kapatip-actik-10-yil-gecmis","status":"publish","type":"post","link":"https:\/\/www.bugday.org\/blog\/gozu-bir-kapatip-actik-10-yil-gecmis\/","title":{"rendered":"G\u00f6z\u00fc bir kapat\u0131p a\u00e7t\u0131k, 10 y\u0131l ge\u00e7mi\u015f&#8230;"},"content":{"rendered":"\n<p><strong>Yazan: G\u00fcne\u015fin Aydemir<\/strong><\/p>\n\n\n\n<p><strong>Victor\u2019a sordular: \u201cNeden bu kadar \u00e7ok kap\u0131 yapt\u0131n?\u201d diye. O da \u201cher me\u015frepten insan girebilsin diye\u201d demi\u015fti. (\u00c7amtepe binas\u0131 i\u00e7inde toplam 12 kap\u0131 var)<\/strong><\/p>\n\n\n\n<p>\u00c7amtepe\u2019nin hikayesini uzun uzun anlatmaya bir y\u0131l ay\u0131rd\u0131k. 2020, \u00c7amtepe\u2019nin onuncu y\u0131l\u0131 kutlamalar\u0131 ile s\u00fcrecek bizim i\u00e7in.&nbsp;<br><\/p>\n\n\n\n<p>Bir ba\u015flang\u0131\u00e7 olsun diye Bu\u011fday\u2019\u0131n sayfalar\u0131na yazal\u0131m dedik.&nbsp;<br><\/p>\n\n\n\n<p>Ba\u015flang\u0131\u00e7 niyeti bir bulu\u015fma merkezi, bulu\u015fma alan\u0131 yaratmak olan \u00c7amtepe Projesi\u2019nin temeli 2005 y\u0131l\u0131nda at\u0131ld\u0131. \u015eehirde \u00f6zenip, \u00f6zendirdi\u011fimiz k\u0131rsal ya\u015fam nas\u0131l oluyormu\u015f merak\u0131 ve hevesiyle bir grup arkada\u015f Kazda\u011flar\u0131\u2019na bir aya\u011f\u0131m\u0131z\u0131 att\u0131k. \u015eehirde ya\u015fayan insan\u0131n kimli\u011fi, neye ihtiyac\u0131 oldu\u011fu konusunda da az bilgili say\u0131lmazd\u0131k do\u011frusu. Bize g\u00f6re, daha yeni yeni filizlenmeye ba\u015flam\u0131\u015f olan ekolojik ya\u015fam toplulu\u011fu (bu konulara kafa yoran da\u011f\u0131n\u0131k insanlardan olu\u015fan sanal a\u011f) i\u00e7in bir araya gelme, \u00f6rnekler g\u00f6rme ve \u00f6\u011frenmeye dayal\u0131 bir payla\u015fma alan\u0131na ihtiya\u00e7 vard\u0131.&nbsp;<br><\/p>\n\n\n\n<ul class=\"wp-block-gallery columns-2 is-cropped wp-block-gallery-1 is-layout-flex wp-block-gallery-is-layout-flex\"><li class=\"blocks-gallery-item\"><figure><img loading=\"lazy\" decoding=\"async\" width=\"434\" height=\"385\" src=\"http:\/\/www.bugday.org\/blog\/wp-content\/uploads\/2020\/01\/408852_234000586677296_754398419_n-1.jpg\" alt=\"\" data-id=\"5548\" class=\"wp-image-5548\" srcset=\"https:\/\/www.bugday.org\/blog\/wp-content\/uploads\/2020\/01\/408852_234000586677296_754398419_n-1.jpg 434w, https:\/\/www.bugday.org\/blog\/wp-content\/uploads\/2020\/01\/408852_234000586677296_754398419_n-1-300x266.jpg 300w\" sizes=\"(max-width: 434px) 100vw, 434px\" \/><\/figure><\/li><li class=\"blocks-gallery-item\"><figure><img loading=\"lazy\" decoding=\"async\" width=\"720\" height=\"480\" src=\"http:\/\/www.bugday.org\/blog\/wp-content\/uploads\/2020\/01\/10151336_606810512729633_683005587_n.jpg\" alt=\"\" data-id=\"5549\" data-link=\"http:\/\/www.bugday.org\/blog\/gozu-bir-kapatip-actik-10-yil-gecmis\/10151336_606810512729633_683005587_n\/\" class=\"wp-image-5549\" srcset=\"https:\/\/www.bugday.org\/blog\/wp-content\/uploads\/2020\/01\/10151336_606810512729633_683005587_n.jpg 720w, https:\/\/www.bugday.org\/blog\/wp-content\/uploads\/2020\/01\/10151336_606810512729633_683005587_n-300x200.jpg 300w\" sizes=\"(max-width: 720px) 100vw, 720px\" \/><\/figure><\/li><\/ul>\n\n\n\n<p>Her birimizin cebinde s\u0131n\u0131rl\u0131 miktarda para, bilgi ve deneyim ve bolca da fikir vard\u0131. B\u00fct\u00fcn kaynaklar\u0131 birle\u015ftirip \u00c7amtepe\u2019ye yat\u0131rd\u0131k. D\u00fc\u015f\u00fcncemize g\u00f6re bu kaynaklar\u0131 sadece kendimiz i\u00e7in harcarsak hem sonu\u00e7ta yaln\u0131z kalacak, hem de \u00e7ok verimsiz kullanm\u0131\u015f olacakt\u0131k. Bu duygu ve d\u00fc\u015f\u00fcncelerle \u00c7amtepe, ya\u015fam\u0131n her alan\u0131na ekolojik \u00e7er\u00e7eveden bakan alternatif her t\u00fcrl\u00fc fikre, uygulamaya ve insana a\u00e7\u0131k bir tohum olarak ekildi.&nbsp;<br><\/p>\n\n\n\n<p>Varl\u0131\u011f\u0131 ile, geleneksel Ege mimarisinin ta\u015f ustal\u0131\u011f\u0131n\u0131n de\u011fi\u015fik tekniklerini (toprak dam, s\u0131va, \u00f6rme gibi), yerel malzemeyi, enerjinin g\u00fcne\u015ften sa\u011fland\u0131\u011f\u0131 ve minimal s\u0131n\u0131rlarda ya\u015fam\u0131n bir b\u00fct\u00fcn olarak deneyimlendi\u011fi minyat\u00fcr bir \u00f6rnek olu\u015fturur. <br><\/p>\n\n\n\n<p>Ge\u00e7en s\u00fcrede, \u00c7amtepe\u2019nin fiziksel ihtiya\u00e7lar\u0131 yan\u0131 s\u0131ra, bir topluluk merkezi olarak kendine \u00f6zg\u00fc bir \u00f6\u011frenim alan\u0131 yaratmak i\u00e7in de u\u011fra\u015ft\u0131k.&nbsp;<br><\/p>\n\n\n\n<p>\u00c7amtepe binas\u0131,&nbsp;<\/p>\n\n\n\n<ul><li>Ya\u015fam Okulu, \u015eifa Okulu, Ekolojik Sosyal Giri\u015fimcilik Dersi, Ekolojik Okuryazarl\u0131k E\u011fitimi, Gen\u00e7ler K\u0131rsala Program\u0131 gibi kendi i\u00e7inde b\u00fct\u00fcnc\u00fcl kapsamlara sahip programlara; masallara, m\u00fczi\u011fe, dansa ve pek \u00e7ok muhabbete ev sahipli\u011fi yapt\u0131. <\/li><li>Farkl\u0131 konularda derin uzmanl\u0131klar\u0131 olan insanlar\u0131 \u00f6r\u00fcnt\u00fc kavray\u0131\u015f\u0131 \u00e7er\u00e7evesinde bulu\u015fturdu, tan\u0131\u015ft\u0131rd\u0131. Yeni bilgi alanlar\u0131n\u0131n olu\u015fmas\u0131na arac\u0131l\u0131k etti.&nbsp;<\/li><li>Deneyim kazand\u0131rd\u0131. Teldolap ve sepetlerde g\u0131da saklamay\u0131, su k\u00fcp\u00fcnden su i\u00e7meyi, \u00e7ukale ve tahta ka\u015f\u0131klar kullanarak yemek pi\u015firmeyi \u00f6\u011fretti. Kompost yapmay\u0131, tahta kesmeyi, ate\u015f yakmay\u0131 deneyimletti.&nbsp;<\/li><li>Yaban\u0131l do\u011fa ile yak\u0131nla\u015ft\u0131rd\u0131. Akrepler, y\u0131lanlar ve \u00e7\u0131yanlar d\u00fcnyas\u0131yla tan\u0131\u015ft\u0131rd\u0131. Karanl\u0131k gece g\u00f6ky\u00fcz\u00fcn\u00fc hi\u00e7 g\u00f6rmemi\u015f insanlara samanyolunu g\u00f6sterdi, bayku\u015f sesini duymam\u0131\u015f olanlar\u0131 ormanda uyuttu.&nbsp;&nbsp;<\/li><\/ul>\n\n\n\n<ul class=\"wp-block-gallery columns-2 is-cropped wp-block-gallery-2 is-layout-flex wp-block-gallery-is-layout-flex\"><li class=\"blocks-gallery-item\"><figure><img loading=\"lazy\" decoding=\"async\" width=\"695\" height=\"385\" src=\"http:\/\/www.bugday.org\/blog\/wp-content\/uploads\/2020\/01\/396793_233940483349973_1332455729_n.jpg\" alt=\"\" data-id=\"5546\" class=\"wp-image-5546\" srcset=\"https:\/\/www.bugday.org\/blog\/wp-content\/uploads\/2020\/01\/396793_233940483349973_1332455729_n.jpg 695w, https:\/\/www.bugday.org\/blog\/wp-content\/uploads\/2020\/01\/396793_233940483349973_1332455729_n-300x166.jpg 300w, https:\/\/www.bugday.org\/blog\/wp-content\/uploads\/2020\/01\/\/var\/www\/vhosts\/bugday.org\/httpdocs\/blog\/wp-content\/uploads\/2020\/01\/396793_233940483349973_1332455729_n-620x343.jpg 620w\" sizes=\"(max-width: 695px) 100vw, 695px\" \/><\/figure><\/li><li class=\"blocks-gallery-item\"><figure><img loading=\"lazy\" decoding=\"async\" width=\"720\" height=\"480\" src=\"http:\/\/www.bugday.org\/blog\/wp-content\/uploads\/2020\/01\/394198_233932186684136_292703943_n.jpg\" alt=\"\" data-id=\"5547\" data-link=\"http:\/\/www.bugday.org\/blog\/gozu-bir-kapatip-actik-10-yil-gecmis\/394198_233932186684136_292703943_n\/\" class=\"wp-image-5547\" srcset=\"https:\/\/www.bugday.org\/blog\/wp-content\/uploads\/2020\/01\/394198_233932186684136_292703943_n.jpg 720w, https:\/\/www.bugday.org\/blog\/wp-content\/uploads\/2020\/01\/394198_233932186684136_292703943_n-300x200.jpg 300w\" sizes=\"(max-width: 720px) 100vw, 720px\" \/><\/figure><\/li><\/ul>\n\n\n\n<p>\u00c7amtepe denince K\u00fct\u00fcphanesi de an\u0131lmay\u0131 hak ediyor. Ya\u015fam\u0131n her alan\u0131na bir bi\u00e7imde ekolojik yakla\u015fan enteresan yay\u0131nlar\u0131n oldu\u011fu bu k\u00fct\u00fcphane y\u0131llar i\u00e7inde olu\u015ftu. Ayr\u0131ca k\u0131ymetlimiz.&nbsp;<\/p>\n\n\n\n<p>Eh baya\u011f\u0131 bir \u015fey de olmu\u015f ge\u00e7en 10 senede!&nbsp;<\/p>\n\n\n\n<p>Hasad\u0131m\u0131z\u0131 g\u00f6rsel, yaz\u0131l\u0131 ve y\u00fcz y\u00fcze bulu\u015fmalarla payla\u015faca\u011f\u0131z.&nbsp;<br><\/p>\n\n\n\n<p>Ve elbette, bu nadide par\u00e7am\u0131z\u0131n bir de emanet\u00e7ili\u011fi var. \u00c7ok say\u0131da can\u0131n el verdi\u011fi bu yap\u0131y\u0131 sahiplenmek kolay de\u011fil, ancak emanet\u00e7ilik. Gen\u00e7 bir kurum olarak Bir Tohum Vakf\u0131 bu g\u00f6revi (ve daha ba\u015fka pek \u00e7ok g\u00f6revi) \u00fcstlendi.&nbsp;<br><\/p>\n\n\n\n<p>\u00c7amtepe\u2019nin duvar\u0131ndan a\u015fa\u011f\u0131ya sarkan \u015fak\u00fcl (ki kendisi \u00c7amtepe binas\u0131n\u0131n yap\u0131m\u0131nda kullan\u0131lan \u015fak\u00fcld\u00fcr), her daim do\u011fan\u0131n kurallar\u0131n\u0131 ve sorumluluklar\u0131m\u0131z\u0131 hat\u0131rlat\u0131r. \u015eimdiki sorumlulu\u011fumuz da ge\u00e7en zaman\u0131, yapt\u0131klar\u0131m\u0131z\u0131, kendimizi kutlamak. <br><\/p>\n\n\n\n<p>Tek ba\u015f\u0131na ve birlikte!&nbsp;<br><\/p>\n\n\n\n<p>\u00c7amtepe ve sanal uzant\u0131lar\u0131nda bulu\u015fal\u0131m:&nbsp;<\/p>\n\n\n\n<p>Facebook: <a href=\"https:\/\/www.facebook.com\/camtepe\/\" target=\"_blank\" rel=\"noreferrer noopener\" aria-label=\"@camtepe (yeni sekmede a\u00e7\u0131l\u0131r)\">@camtepe<\/a><\/p>\n\n\n\n<p>Instagram: <a href=\"https:\/\/www.instagram.com\/camtepeyasammerkezi\/\" target=\"_blank\" rel=\"noreferrer noopener\" aria-label=\"@camtepeyasammerkezi (yeni sekmede a\u00e7\u0131l\u0131r)\">@camtepeyasammerkezi<\/a><br><\/p>\n","protected":false},"excerpt":{"rendered":"<p>Yazan: G\u00fcne\u015fin Aydemir Victor\u2019a sordular: \u201cNeden bu kadar \u00e7ok kap\u0131 yapt\u0131n?\u201d diye. O da \u201cher me\u015frepten insan girebilsin diye\u201d demi\u015fti. (\u00c7amtepe binas\u0131 i\u00e7inde toplam 12 kap\u0131 var) \u00c7amtepe\u2019nin hikayesini uzun uzun anlatmaya bir y\u0131l ay\u0131rd\u0131k&#8230;.<\/p>\n","protected":false},"author":4,"featured_media":7836,"comment_status":"open","ping_status":"open","sticky":false,"template":"","format":"standard","meta":{"footnotes":""},"categories":[18],"tags":[480,249],"_links":{"self":[{"href":"https:\/\/www.bugday.org\/blog\/wp-json\/wp\/v2\/posts\/5354"}],"collection":[{"href":"https:\/\/www.bugday.org\/blog\/wp-json\/wp\/v2\/posts"}],"about":[{"href":"https:\/\/www.bugday.org\/blog\/wp-json\/wp\/v2\/types\/post"}],"author":[{"embeddable":true,"href":"https:\/\/www.bugday.org\/blog\/wp-json\/wp\/v2\/users\/4"}],"replies":[{"embeddable":true,"href":"https:\/\/www.bugday.org\/blog\/wp-json\/wp\/v2\/comments?post=5354"}],"version-history":[{"count":10,"href":"https:\/\/www.bugday.org\/blog\/wp-json\/wp\/v2\/posts\/5354\/revisions"}],"predecessor-version":[{"id":10009,"href":"https:\/\/www.bugday.org\/blog\/wp-json\/wp\/v2\/posts\/5354\/revisions\/10009"}],"wp:featuredmedia":[{"embeddable":true,"href":"https:\/\/www.bugday.org\/blog\/wp-json\/wp\/v2\/media\/7836"}],"wp:attachment":[{"href":"https:\/\/www.bugday.org\/blog\/wp-json\/wp\/v2\/media?parent=5354"}],"wp:term":[{"taxonomy":"category","embeddable":true,"href":"https:\/\/www.bugday.org\/blog\/wp-json\/wp\/v2\/categories?post=5354"},{"taxonomy":"post_tag","embeddable":true,"href":"https:\/\/www.bugday.org\/blog\/wp-json\/wp\/v2\/tags?post=5354"}],"curies":[{"name":"wp","href":"https:\/\/api.w.org\/{rel}","templated":true}]}}