{"id":472,"date":"2016-05-13T16:35:44","date_gmt":"2016-05-13T13:35:44","guid":{"rendered":"http:\/\/www.bugday.org\/blog\/?p=472"},"modified":"2016-05-14T11:02:12","modified_gmt":"2016-05-14T08:02:12","slug":"arilar-icin-makedonyadaydik-3","status":"publish","type":"post","link":"https:\/\/www.bugday.org\/blog\/arilar-icin-makedonyadaydik-3\/","title":{"rendered":"Ar\u0131lar i\u00e7in Makedonya&#8217;dayd\u0131k"},"content":{"rendered":"<p><span style=\"color: #000000;\"><span lang=\"TR\">T\u00fcrkiye&#8217;den Bu\u011fday Derne\u011fi&#8217;nin liderli\u011finde,Makedonya, Hollanda ve \u0130ngiltere ortakl\u0131\u011f\u0131yla ger\u00e7ekle\u015ftirdi\u011fimiz AB Erasmus+ projesi kapsam\u0131nda, ekolojik ar\u0131c\u0131l\u0131k projemiz &#8220;Live and Let Bee&#8221;nin ilk saha gezisi i\u00e7in T\u00fcrkiye&#8217;den d\u00f6rt ki\u015filik bir ekiple<\/span> <span lang=\"TR\">Makedonya&#8217;dayd\u0131k&#8230; <\/span><\/span><\/p>\n<p><span style=\"color: #000000;\"><span lang=\"TR\">Makedonya&#8217;n\u0131n az n\u00fcfusu, k\u0131rlar\u0131n bollu\u011fu, bol \u00e7i\u00e7ekli bitki \u00f6rt\u00fcs\u00fc, \u00fclkede sanayinin yok denecek kadar az olmas\u0131 ve k\u00f6yl\u00fclerin geleneksel olarak ar\u0131c\u0131l\u0131\u011f\u0131 sahiplenmeleri, \u00fclkede kaliteli ve makul fiyatl\u0131 bal \u00fcretimine olanak veriyor. K\u0131\u015f \u00e7ok sert ge\u00e7medik\u00e7e ar\u0131lar beslenmiyor, k\u0131\u015f\u0131 ge\u00e7irtecek kadar bal, ar\u0131lar i\u00e7in kovanda b\u0131rak\u0131l\u0131yor. Krali\u00e7e ar\u0131 almak yerine ormandan o\u011ful toplayarak yeni kovan kurmak da yayg\u0131n. Fenni kovan kullansalar da, geleneksel sepet kovandan vazge\u00e7memi\u015fler, her iki kovan t\u00fcr\u00fc birlikte kullan\u0131l\u0131yor.<\/span><\/span><\/p>\n<p><span style=\"color: #000000;\"><span lang=\"TR\">D\u00fcnyan\u0131n pek \u00e7ok yerinde oldu\u011fu gibi, Makedonya&#8217;da da ar\u0131lar\u0131n en b\u00fcy\u00fck d\u00fc\u015fman\u0131 tar\u0131m ila\u00e7lar\u0131 ve varoa. Tar\u0131m ila\u00e7lar\u0131yla g\u00fc\u00e7s\u00fcz d\u00fc\u015fen koloni, varoa gibi parazitler ve hastal\u0131klarla m\u00fccadele yetisini kaybediyor. Koloninin do\u011fal dengesi bozulunca insan m\u00fcdahalesi ba\u015fl\u0131yor. M\u00fcdahale m\u00fcdahaleyi do\u011furuyor&#8230;<\/span><span lang=\"TR\"><br \/>\n<\/span><span lang=\"TR\">Konvansiyonel tar\u0131msal faaliyetlerden en az 5 kilometre uzak kovanlarda, varoa oldu\u011funu ancak ar\u0131lar\u0131n g\u00fc\u00e7l\u00fc ve sa\u011fl\u0131kl\u0131 olmas\u0131 sebebiyle, ar\u0131 kayb\u0131n\u0131n neredeyse hi\u00e7 olmad\u0131\u011f\u0131n\u0131 g\u00f6zlemledik.<br \/>\nY\u00f6ntemleri r\u00f6portaj ve videoyla kay\u0131t alt\u0131na al\u0131yoruz, sizlerle en k\u0131sa s\u00fcrede payla\u015faca\u011f\u0131z. Erasmus+ projesi \u00e7er\u00e7evesinde, \u00f6n\u00fcm\u00fczdeki aylarda T\u00fcrkiye, Hollanda ve \u0130ngiltere&#8217;deki yerel ve iyi \u00f6rnekleri g\u00f6r\u00fcp sizlerle payla\u015fmaya devam edece\u011fiz.<br \/>\nYa\u015fas\u0131n ar\u0131lar!<\/span><\/span><\/p>\n","protected":false},"excerpt":{"rendered":"<p>T\u00fcrkiye&#8217;den Bu\u011fday Derne\u011fi&#8217;nin liderli\u011finde,Makedonya, Hollanda ve \u0130ngiltere ortakl\u0131\u011f\u0131yla ger\u00e7ekle\u015ftirdi\u011fimiz AB Erasmus+ projesi kapsam\u0131nda, ekolojik ar\u0131c\u0131l\u0131k projemiz &#8220;Live and Let Bee&#8221;nin ilk saha gezisi i\u00e7in T\u00fcrkiye&#8217;den d\u00f6rt ki\u015filik bir ekiple Makedonya&#8217;dayd\u0131k&#8230; Makedonya&#8217;n\u0131n az n\u00fcfusu, k\u0131rlar\u0131n bollu\u011fu,&#8230;<\/p>\n","protected":false},"author":1,"featured_media":436,"comment_status":"open","ping_status":"open","sticky":false,"template":"","format":"standard","meta":{"footnotes":""},"categories":[1,18],"tags":[],"_links":{"self":[{"href":"https:\/\/www.bugday.org\/blog\/wp-json\/wp\/v2\/posts\/472"}],"collection":[{"href":"https:\/\/www.bugday.org\/blog\/wp-json\/wp\/v2\/posts"}],"about":[{"href":"https:\/\/www.bugday.org\/blog\/wp-json\/wp\/v2\/types\/post"}],"author":[{"embeddable":true,"href":"https:\/\/www.bugday.org\/blog\/wp-json\/wp\/v2\/users\/1"}],"replies":[{"embeddable":true,"href":"https:\/\/www.bugday.org\/blog\/wp-json\/wp\/v2\/comments?post=472"}],"version-history":[{"count":2,"href":"https:\/\/www.bugday.org\/blog\/wp-json\/wp\/v2\/posts\/472\/revisions"}],"predecessor-version":[{"id":483,"href":"https:\/\/www.bugday.org\/blog\/wp-json\/wp\/v2\/posts\/472\/revisions\/483"}],"wp:featuredmedia":[{"embeddable":true,"href":"https:\/\/www.bugday.org\/blog\/wp-json\/wp\/v2\/media\/436"}],"wp:attachment":[{"href":"https:\/\/www.bugday.org\/blog\/wp-json\/wp\/v2\/media?parent=472"}],"wp:term":[{"taxonomy":"category","embeddable":true,"href":"https:\/\/www.bugday.org\/blog\/wp-json\/wp\/v2\/categories?post=472"},{"taxonomy":"post_tag","embeddable":true,"href":"https:\/\/www.bugday.org\/blog\/wp-json\/wp\/v2\/tags?post=472"}],"curies":[{"name":"wp","href":"https:\/\/api.w.org\/{rel}","templated":true}]}}