{"id":448,"date":"2016-05-13T15:26:41","date_gmt":"2016-05-13T12:26:41","guid":{"rendered":"http:\/\/www.bugday.org\/blog\/?p=448"},"modified":"2016-05-14T10:59:51","modified_gmt":"2016-05-14T07:59:51","slug":"100-ekolojik-pazarlarda-simdi-siyez-cilek-balik-zamani","status":"publish","type":"post","link":"https:\/\/www.bugday.org\/blog\/100-ekolojik-pazarlarda-simdi-siyez-cilek-balik-zamani\/","title":{"rendered":"% 100 Ekolojik Pazarlar&#8217;da \u015fimdi siyez, \u00e7ilek, bal\u0131k zaman\u0131!"},"content":{"rendered":"<p>Kuruldu\u011fundan bu yana organik tar\u0131m sekt\u00f6r\u00fcn\u00fcn \u00f6nc\u00fc giri\u015fimlerinden olan \u015ei\u015fli %100 Ekolojik Pazar bug\u00fcne kadar bir\u00e7ok organik \u00fcr\u00fcn\u00fcn de sekt\u00f6re ilk tan\u0131t\u0131ld\u0131\u011f\u0131 mecra oldu. S\u00fct t\u00fcrevi \u00fcr\u00fcnler, istiridye mantar\u0131, ket\u00e7ap, safran, helva derken bunlara siyez bu\u011fday\u0131, unu, ezmesi ve %40 siyez bu\u011fday\u0131 i\u00e7eren ekme\u011fi de eklendi&#8230;<\/p>\n<p>\u00c7ilek Kokulu % 100 Ekolojik Pazar<\/p>\n<p>%100 Ekolojik Pazarlara T\u00fcrkiye\u2019nin d\u00f6rt bir yan\u0131ndan \u00e7ilek gelmeye ba\u015flad\u0131 bile. Mersin, \u0130zmir, Nev\u015fehir (\u00f6rt\u00fc alt\u0131) derken yak\u0131nda Zonguldak, Konya, \u0130skilip, Bursa ile % 100 Ekolojik Pazarlar&#8217;da Kas\u0131m ay\u0131na kadar \u00e7ilek var.<\/p>\n<p>Asl\u0131nda hi\u00e7 olmayan hormondan korksak da \u00e7ilekte as\u0131l sorun zirai ila\u00e7lar. ABD Tar\u0131m Bakanl\u0131\u011f\u0131 2014 ara\u015ft\u0131rma verilerine g\u00f6re \u00fcr\u00fcnlerde zirai ila\u00e7\/zehir kal\u0131nt\u0131 tespitinde konvansiyonel \u00e7ilek birinci s\u0131rada. Bakanl\u0131\u011f\u0131n 2014 y\u0131l\u0131 i\u00e7inde ald\u0131\u011f\u0131 176 numune \u00e7ilekte 32 \u00e7e\u015fit zirai ila\u00e7 tespit edilmi\u015f.\u00c7ilek numunelerinin %83.50 sinde 5 veya fazlas\u0131 zirai ila\u00e7 tespit edilmi\u015f olup t\u00fcm \u00fcr\u00fcnler i\u00e7inde rekor kal\u0131nt\u0131 17 zirai ila\u00e7la gene \u00e7ilekte. Bu listede yer alan bir\u00e7ok zirai ila\u00e7 ne yaz\u0131k ki T\u00fcrkiye\u2019de de kullan\u0131l\u0131yor. Organik \u00e7ilektercih etmemiz i\u00e7in bir di\u011fer sebep ise konvansiyonel \u00fcretimde kullan\u0131lan suni g\u00fcbreler.<\/p>\n<p>\u00c7ilekte hormon kullan\u0131m\u0131 &#8221;g\u0131dada yanl\u0131\u015f bildi\u011fimiz \u015feyler&#8221; listesinde herhalde ilk s\u0131ralarda yer al\u0131yor. \u00c7ilekte \u00fcr\u00fcn\u00fc d\u00f6llemek i\u00e7in de irilik i\u00e7in de hormon kullan\u0131lm\u0131yor. \u00c7\u00fcnk\u00fc \u00e7ilek kendini d\u00f6lleyen bir meyve. \u00c7ileklerin irili\u011finin belliba\u015fl\u0131 iki sebebi var: \u0130hracat ba\u015fta uzun mesafelere dayan\u0131kl\u0131 olabilmesi i\u00e7in geli\u015ftirilmi\u015f \u00e7e\u015fitler. Bu \u00e7e\u015fitlerin irili\u011finin sebebi \u0131rksal \u00f6zelliktir, hormon al\u0131m\u0131 de\u011fil. \u00c7ilekte irili\u011fin ikinci bir sebebi de hasat y\u0131l\u0131yla ilgili. \u0130lk y\u0131l ekilen \u00e7ilekler ilk sene iri taneler yaparken, ikinci ve \u00fc\u00e7\u00fcnc\u00fc y\u0131llar\u0131nda daha k\u00fc\u00e7\u00fck \u00fcr\u00fcnler vermekte. Hem bu sebeple hem de \u00e7ilekte g\u00f6r\u00fclen, k\u00f6kte geli\u015fen hastal\u0131klar sebebiyle \u00e7ilekler \u00f6zellikle g\u00fcney b\u00f6lgelerimizde her y\u0131l s\u00f6k\u00fcl\u00fcp yeni fideler dikilmekte ve dolay\u0131s\u0131yla t\u00fcketici pazarda, markette iri \u00e7ileklerle kar\u015f\u0131la\u015fmakta.<\/p>\n<p>\u0130\u015fte bu y\u00fczden %100 Ekolojik Pazarlar&#8217;da zirai ila\u00e7\/zehirler ba\u015fta konvansiyonel \u00fcretimden uzak, ekolojik \u00e7ilekleri g\u00f6n\u00fcl rahatl\u0131\u011f\u0131yla tezgahtan evinize g\u00f6t\u00fcrebilir, afiyetle yiyebilirsiniz.<\/p>\n<p>&#8221;Organik bal\u0131k da olur muymu\u015f?&#8221; demeyin.<\/p>\n<p>Art\u0131k organik \u00e7ipuralar da %100 Ekolojik Pazarlarda!<\/p>\n<p>Peki bu organik k\u00fclt\u00fcr bal\u0131klar\u0131n\u0131n di\u011ferlerinden fark\u0131 nedir?<\/p>\n<p>En \u00f6nemli fark\u0131 bal\u0131k yemi. Mevzuatlara g\u00f6re yemin bitkisel k\u00f6kenli k\u0131sm\u0131 organik \u00fcretimden, su \u00fcr\u00fcnlerinden gelen k\u0131sm\u0131 ise s\u00fcrd\u00fcr\u00fclebilir bal\u0131k\u00e7\u0131l\u0131ktan gelmek zorunda. \u00dcretici firma olan K\u0131l\u0131\u00e7 Deniz\u2019in ise kulland\u0131\u011f\u0131 t\u00fcm yem, Danimarka&#8217;dan &#8221;Aller Aqua&#8221; markal\u0131 organik yem. Organik yemler di\u011ferlerinden ayr\u0131 stoklanmakta ve yem ithalat\u0131 s\u00fcreci de kontrol ve sertifikasyon s\u00fcrecine tabi. Yemler GDO\u2019suz oldu\u011fu gibi, her parti yemin pestisit analizleri yap\u0131l\u0131yor ve sertifikalan\u0131yor. Gene organik t\u00fcm hayvansal \u00fcr\u00fcnlerde oldu\u011fu gibi hormon kullan\u0131m\u0131 yasak. Kafeslerde bal\u0131k ba\u015f\u0131 birim alan konvansiyonel \u00fcretime g\u00f6re daha fazla, ki bu da bal\u0131klar\u0131n daha \u00e7ok strese girmelerine ve yaralanmalar\u0131na engel olarak hastalanma risklerini azalt\u0131yor.<\/p>\n<p>B\u00f6ylece mevzuatlarda belirlenen ve konvansiyonel \u00fcretime g\u00f6re daha s\u0131n\u0131rl\u0131 olan antibiyotik uygulamas\u0131na da bu sayede daha az gerek duyuluyor, ki firman\u0131n bu sene hi\u00e7 antibiyotik kullanmas\u0131na gerek kalmam\u0131\u015f.<\/p>\n","protected":false},"excerpt":{"rendered":"<p>Kuruldu\u011fundan bu yana organik tar\u0131m sekt\u00f6r\u00fcn\u00fcn \u00f6nc\u00fc giri\u015fimlerinden olan \u015ei\u015fli %100 Ekolojik Pazar bug\u00fcne kadar bir\u00e7ok organik \u00fcr\u00fcn\u00fcn de sekt\u00f6re ilk tan\u0131t\u0131ld\u0131\u011f\u0131 mecra oldu. S\u00fct t\u00fcrevi \u00fcr\u00fcnler, istiridye mantar\u0131, ket\u00e7ap, safran, helva derken bunlara siyez&#8230;<\/p>\n","protected":false},"author":1,"featured_media":420,"comment_status":"open","ping_status":"open","sticky":false,"template":"","format":"standard","meta":{"footnotes":""},"categories":[1,18],"tags":[],"_links":{"self":[{"href":"https:\/\/www.bugday.org\/blog\/wp-json\/wp\/v2\/posts\/448"}],"collection":[{"href":"https:\/\/www.bugday.org\/blog\/wp-json\/wp\/v2\/posts"}],"about":[{"href":"https:\/\/www.bugday.org\/blog\/wp-json\/wp\/v2\/types\/post"}],"author":[{"embeddable":true,"href":"https:\/\/www.bugday.org\/blog\/wp-json\/wp\/v2\/users\/1"}],"replies":[{"embeddable":true,"href":"https:\/\/www.bugday.org\/blog\/wp-json\/wp\/v2\/comments?post=448"}],"version-history":[{"count":2,"href":"https:\/\/www.bugday.org\/blog\/wp-json\/wp\/v2\/posts\/448\/revisions"}],"predecessor-version":[{"id":478,"href":"https:\/\/www.bugday.org\/blog\/wp-json\/wp\/v2\/posts\/448\/revisions\/478"}],"wp:featuredmedia":[{"embeddable":true,"href":"https:\/\/www.bugday.org\/blog\/wp-json\/wp\/v2\/media\/420"}],"wp:attachment":[{"href":"https:\/\/www.bugday.org\/blog\/wp-json\/wp\/v2\/media?parent=448"}],"wp:term":[{"taxonomy":"category","embeddable":true,"href":"https:\/\/www.bugday.org\/blog\/wp-json\/wp\/v2\/categories?post=448"},{"taxonomy":"post_tag","embeddable":true,"href":"https:\/\/www.bugday.org\/blog\/wp-json\/wp\/v2\/tags?post=448"}],"curies":[{"name":"wp","href":"https:\/\/api.w.org\/{rel}","templated":true}]}}