{"id":319,"date":"2016-01-11T16:04:08","date_gmt":"2016-01-11T14:04:08","guid":{"rendered":"http:\/\/www.bugday.org\/blog\/?p=319"},"modified":"2016-01-11T16:04:08","modified_gmt":"2016-01-11T14:04:08","slug":"ne-yersek-oyuz","status":"publish","type":"post","link":"https:\/\/www.bugday.org\/blog\/ne-yersek-oyuz\/","title":{"rendered":"Ne Yersek O&#8217;yuz"},"content":{"rendered":"<p>G\u0131da Tar\u0131m ve Hayvanc\u0131l\u0131k Bakanl\u0131\u011f\u0131, 2015 y\u0131l\u0131nda yapt\u0131\u011f\u0131 kontroller sonucunda \u201cki\u015filerin hayat\u0131n\u0131 ve sa\u011fl\u0131\u011f\u0131n\u0131 tehlikeye d\u00fc\u015f\u00fcrecek \u015fekilde bozulmu\u015f, de\u011fi\u015ftirilmi\u015f g\u0131dalar\u0131\u201d \u00fcreten ve\/veya satan firmalar\u0131 ve \u00fcr\u00fcnleri kamuoyuyla payla\u015ft\u0131. Hal b\u00f6yle olunca ger\u00e7ek g\u0131dayla beslenmek isteyen kentlilerin i\u015fi olduk\u00e7a zor g\u00f6r\u00fcn\u00fcyor. Peki, ger\u00e7ek g\u0131daya ula\u015fabilmek i\u00e7in biz ne yapabiliriz?&#8230;<\/p>\n<p>G\u0131da Tar\u0131m ve Hayvanc\u0131l\u0131k Bakanl\u0131\u011f\u0131, 2015 y\u0131l\u0131nda yapt\u0131\u011f\u0131\u00a0kontroller sonucunda \u201cki\u015filerin hayat\u0131n\u0131 ve sa\u011fl\u0131\u011f\u0131n\u0131\u00a0tehlikeye d\u00fc\u015f\u00fcrecek \u015fekilde bozulmu\u015f, de\u011fi\u015ftirilmi\u015f\u00a0g\u0131dalar\u0131\u201d \u00a0\u00fcreten ve\/veya satan firmalar\u0131 ve \u00fcr\u00fcnleri kamuoyuyla payla\u015ft\u0131. Laboratuvar sonucu ile taklit ve\u00a0ta\u011f\u015fi\u015f yap\u0131ld\u0131\u011f\u0131 kesinle\u015fen \u00fcr\u00fcnlere ait\u00a0bilgileri <a href=\"http:\/\/www.tarim.gov.tr\/Lists\/Duyuru\/Attachments\/400\/kamuoyu_duyurusu.pdf\">buradan <\/a>inceleyebilirsiniz.<\/p>\n<p>G\u0131da konusunda bilgi kirlili\u011fi ve eksikli\u011fi had safhada.\u00a0Kentli insan\u0131n kafas\u0131 kar\u0131\u015f\u0131k, g\u00fcvensizlik hakim.\u00a0End\u00fcstiyel\u00a0\u00fcretim anlay\u0131\u015f\u0131 insan sa\u011fl\u0131\u011f\u0131,\u00a0hayvan refah\u0131 ve ekolojik hassasiyetlerden ziyade daha az\u00a0maliyetle daha fazla \u00fcretime, etik de\u011ferler yerine ticari\u00a0rekabete ve daha fazla kar etmeye, niteli\u011fe de\u011fil niceli\u011fe\u00a0odakl\u0131. Hal b\u00f6yle olunca ger\u00e7ek g\u0131dayla beslenmek isteyen\u00a0kentlilerin i\u015fi olduk\u00e7a zor g\u00f6r\u00fcn\u00fcyor.<\/p>\n<p>En temel ihtiyac\u0131m\u0131z olan g\u0131dan\u0131n kayna\u011f\u0131ndan\u00a0uzakla\u015f\u0131yor; yediklerimizin nas\u0131l, ne \u015fartlarda, ne kadar\u00a0\u00fcretilece\u011finin karar\u0131n\u0131 ba\u015fkalar\u0131na b\u0131rak\u0131yoruz. Oysa\u00a0sorumlulu\u011fu elimize almak hi\u00e7 de zor de\u011fil.<\/p>\n<p>Bu kadar \u00f6nemli bir konuda elini ta\u015f\u0131n alt\u0131na koymaktan\u00a0\u00e7ekinmeyen, sa\u011fl\u0131kl\u0131 g\u0131da aray\u0131\u015f\u0131ndaki bilin\u00e7li t\u00fcketiciler\u00a0\u2013daha do\u011frusu \u2018t\u00fcreticiler\u2019\u2013 piyasa \u015fartlar\u0131n\u0131n zorluklar\u0131na\u00a0inat do\u011fa dostu y\u00f6ntemlerle k\u00fc\u00e7\u00fck \u00f6l\u00e7eklerde \u00fcretmeye\u00a0devam eden \u00fcreticilerle art\u0131k daha \u00e7ok biraraya\u00a0gelebiliyor. \u00d6rne\u011fin, arac\u0131lar\u0131n bulunmad\u0131\u011f\u0131, \u00fcretenle\u00a0kullanan\u0131n do\u011frudan ileti\u015fime ge\u00e7ebildi\u011fi \u2018g\u0131da\u00a0topluluklar\u0131\u2019, ba\u015fka bir \u00fcretim ve t\u00fcketim anlay\u0131\u015f\u0131n\u0131n\u00a0m\u00fcmk\u00fcn oldu\u011funa dair en b\u00fcy\u00fck umut kayna\u011f\u0131 belki\u00a0de\u2026(<a href=\"www.gidatopluluklari.org\">www.gidatopluluklari.org<\/a>)<\/p>\n<p>Kendi g\u0131dan\u0131z\u0131 kendiniz yeti\u015ftiremiyorsan\u0131z, \u00a0% 100\u00a0Ekolojik pazarlar (<a href=\"www.ekolojikpazar.org\">www.ekolojikpazar.org)<\/a> ve di\u011fer\u00a0organik pazarlar da \u00fcreticilerle biraraya gelebilece\u011finiz,\u00a0g\u00fcvenli al\u0131\u015fveri\u015f yapabilece\u011finiz, \u00fcretiminden sofran\u0131za\u00a0kadar t\u00fcm a\u015famalar\u0131 izlenen, do\u011fayla uyumlu ve ona\u00a0zarar vermeden yeti\u015ftirilmi\u015f \u00fcr\u00fcnler alabilece\u011finiz\u00a0yerlerden\u2026<\/p>\n<p>\u2018Ne yersen O&#8217;sun\u2019 demi\u015fler. Sizce de yediklerimiz hakk\u0131nda\u00a0sorumluluk alma zaman\u0131 \u00e7oktan gelmedi mi?<\/p>\n","protected":false},"excerpt":{"rendered":"<p>G\u0131da Tar\u0131m ve Hayvanc\u0131l\u0131k Bakanl\u0131\u011f\u0131, 2015 y\u0131l\u0131nda yapt\u0131\u011f\u0131 kontroller sonucunda \u201cki\u015filerin hayat\u0131n\u0131 ve sa\u011fl\u0131\u011f\u0131n\u0131 tehlikeye d\u00fc\u015f\u00fcrecek \u015fekilde bozulmu\u015f, de\u011fi\u015ftirilmi\u015f g\u0131dalar\u0131\u201d \u00fcreten ve\/veya satan firmalar\u0131 ve \u00fcr\u00fcnleri kamuoyuyla payla\u015ft\u0131. Hal b\u00f6yle olunca ger\u00e7ek g\u0131dayla beslenmek isteyen&#8230;<\/p>\n","protected":false},"author":1,"featured_media":320,"comment_status":"open","ping_status":"open","sticky":false,"template":"","format":"standard","meta":{"footnotes":""},"categories":[1,18],"tags":[],"_links":{"self":[{"href":"https:\/\/www.bugday.org\/blog\/wp-json\/wp\/v2\/posts\/319"}],"collection":[{"href":"https:\/\/www.bugday.org\/blog\/wp-json\/wp\/v2\/posts"}],"about":[{"href":"https:\/\/www.bugday.org\/blog\/wp-json\/wp\/v2\/types\/post"}],"author":[{"embeddable":true,"href":"https:\/\/www.bugday.org\/blog\/wp-json\/wp\/v2\/users\/1"}],"replies":[{"embeddable":true,"href":"https:\/\/www.bugday.org\/blog\/wp-json\/wp\/v2\/comments?post=319"}],"version-history":[{"count":1,"href":"https:\/\/www.bugday.org\/blog\/wp-json\/wp\/v2\/posts\/319\/revisions"}],"predecessor-version":[{"id":321,"href":"https:\/\/www.bugday.org\/blog\/wp-json\/wp\/v2\/posts\/319\/revisions\/321"}],"wp:featuredmedia":[{"embeddable":true,"href":"https:\/\/www.bugday.org\/blog\/wp-json\/wp\/v2\/media\/320"}],"wp:attachment":[{"href":"https:\/\/www.bugday.org\/blog\/wp-json\/wp\/v2\/media?parent=319"}],"wp:term":[{"taxonomy":"category","embeddable":true,"href":"https:\/\/www.bugday.org\/blog\/wp-json\/wp\/v2\/categories?post=319"},{"taxonomy":"post_tag","embeddable":true,"href":"https:\/\/www.bugday.org\/blog\/wp-json\/wp\/v2\/tags?post=319"}],"curies":[{"name":"wp","href":"https:\/\/api.w.org\/{rel}","templated":true}]}}