{"id":300274,"date":"2026-04-28T10:00:16","date_gmt":"2026-04-28T07:00:16","guid":{"rendered":"https:\/\/www.bugday.org\/blog\/?p=300274"},"modified":"2026-04-28T11:15:31","modified_gmt":"2026-04-28T08:15:31","slug":"akdenizde-ilk-tarimsal-ormancilik-haritalama-calismasi-mapping-basladi","status":"publish","type":"post","link":"https:\/\/www.bugday.org\/blog\/akdenizde-ilk-tarimsal-ormancilik-haritalama-calismasi-mapping-basladi\/","title":{"rendered":"Akdeniz\u2019de ilk tar\u0131msal ormanc\u0131l\u0131k haritalama \u00e7al\u0131\u015fmas\u0131 MAPPING ba\u015flad\u0131."},"content":{"rendered":"\n<p><\/p>\n\n\n\n<p>Bu\u011fday Ekolojik Ya\u015fam\u0131 Destekleme Derne\u011fi olarak \u0130talya, L\u00fcbnan, Portekiz ve Yunanistan\u2019dan sivil toplum kurulu\u015flar\u0131yla birlikte, iklim krizinin olumsuz etkilerine kar\u015f\u0131 diren\u00e7li yap\u0131lar olu\u015fturan agroekolojik tar\u0131msal ormanc\u0131l\u0131k uygulamalar\u0131n\u0131n haritas\u0131n\u0131 \u00e7\u0131kar\u0131yoruz.&nbsp;<\/p>\n\n\n\n<h3 class=\"wp-block-heading\"><strong>Akdeniz iklim krizinin ate\u015f hatt\u0131nda!&nbsp;<\/strong><\/h3>\n\n\n\n<p><strong>Akdeniz havzas\u0131, k\u00fcresel ortalamadan y\u00fczde yirmi daha h\u0131zl\u0131 \u0131s\u0131n\u0131yor.<\/strong> Bu, gelece\u011fe d\u00f6n\u00fck bir \u00f6ng\u00f6r\u00fc de\u011fil. \u00c7ift\u00e7iler, k\u0131rsal topluluklar ve kurumlar, kurakl\u0131k, biyo\u00e7e\u015fitlilik kayb\u0131 ve toprak bozulmas\u0131n\u0131n etkileriyle her ge\u00e7en g\u00fcn daha fazla kar\u015f\u0131 kar\u015f\u0131ya kal\u0131yor. H\u00fck\u00fcmetleraras\u0131 \u0130klim De\u011fi\u015fikli\u011fi Paneli (IPCC), i\u00e7 i\u00e7e ge\u00e7mi\u015f \u00e7ok say\u0131da bask\u0131 unsuru nedeniyle b\u00f6lgeyi &#8220;son derece k\u0131r\u0131lgan&#8221; olarak nitelendiriyor ve iklim de\u011fi\u015fikli\u011finin en \u00e7ok <strong>k\u00fc\u00e7\u00fck \u00f6l\u00e7ekli \u00e7ift\u00e7ilerin ge\u00e7im kaynaklar\u0131n\u0131 vurdu\u011fu<\/strong> konusunda uyar\u0131yor. Soruna en az katk\u0131s\u0131 olan k\u00fc\u00e7\u00fck \u00e7ift\u00e7iler iklim de\u011fi\u015fikli\u011fine uyum sa\u011flayacak bilgi ve ara\u00e7lardan yoksun olduklar\u0131 i\u00e7in krizin sonu\u00e7lar\u0131ndan daha g\u00fc\u00e7l\u00fc \u015fekilde etkileniyor.<\/p>\n\n\n\n<p>Bu acil tablonun kar\u015f\u0131s\u0131nda teknokratik \u00e7\u00f6z\u00fcmler yeterli de\u011fil. Yerel bilgiyi, tar\u0131msal biyo\u00e7e\u015fitlili\u011fi ve topluluklar\u0131n kendi dayan\u0131kl\u0131l\u0131klar\u0131n\u0131 geli\u015ftirme kapasitelerini temel alan k\u00f6kl\u00fc bir zihniyet de\u011fi\u015fikli\u011fi gerekli.<\/p>\n\n\n\n<h3 class=\"wp-block-heading\">Tar\u0131msal Ormanc\u0131l\u0131k iklim de\u011fi\u015fikli\u011finin etkilerini azaltmada ve uyum sa\u011flamada \u00e7are olabilir.&nbsp;<\/h3>\n\n\n\n<p>Tar\u0131msal ormanc\u0131l\u0131k, a\u011fa\u00e7 ve \u00e7al\u0131lar\u0131n tar\u0131m ve mera sistemleri ile planl\u0131 olarak b\u00fct\u00fcnle\u015ftirilmesi, yeni bir kavram de\u011fil. Akdeniz&#8217;in d\u00f6rt bir yan\u0131ndaki k\u0131rsal topluluklar\u0131n y\u00fczy\u0131llar boyunca geli\u015ftirip ya\u015fatt\u0131\u011f\u0131, binlerce y\u0131ll\u0131k bir uygulama. Yine de bug\u00fcn \u00e7o\u011funlukla fark edilmiyor, de\u011feri bilinmiyor ve tar\u0131m politikalar\u0131ndan, e\u011fitim programlar\u0131ndan kopuk kalmaya devam ediyor.<\/p>\n\n\n\n<p>Veriler \u00e7ok a\u00e7\u0131k: Birle\u015fmi\u015f Milletler G\u0131da ve Tar\u0131m \u00d6rg\u00fct\u00fc (FAO) \u201cD\u00fcnyan\u0131n Ormanlar\u0131n\u0131n Durumu\u201d raporu (2022), <strong>tar\u0131msal ormanc\u0131l\u0131\u011f\u0131n d\u00fcnya \u00e7ap\u0131nda bir milyar hektar\u0131n \u00fczerinde bozulmu\u015f araziyi onarabilece\u011fini<\/strong>, bir yandan da toprak verimlili\u011fini, tar\u0131msal \u00fcretkenli\u011fi, ekosistem hizmetlerini ve k\u0131rsal ge\u00e7im kaynaklar\u0131n\u0131 iyile\u015ftirebilece\u011fini s\u00f6yl\u00fcyor. Tar\u0131msal ormanc\u0131l\u0131k <strong>hem iklim de\u011fi\u015fikli\u011finin etkilerini azaltma hem de ona uyum sa\u011flama<\/strong> konusunda ayn\u0131 anda etki g\u00f6sterebilen nadir stratejilerden biri. \u00c7\u00fcnk\u00fc karbon tutma, su d\u00f6ng\u00fclerini d\u00fczenleme ve topraklar\u0131 erozyondan koruma gibi etkili sonu\u00e7lar \u00fcretmeyi m\u00fcmk\u00fcn k\u0131l\u0131yor.<\/p>\n\n\n\n<p>Zaten k\u0131r\u0131lgan olan ekosistemlerin \u00fczerindeki bask\u0131n\u0131n her ge\u00e7en y\u0131l daha da yo\u011funla\u015ft\u0131\u011f\u0131 Akdeniz\u2019de, <strong>tar\u0131msal ormanc\u0131l\u0131\u011f\u0131n te\u015fvik edilmesi yaln\u0131zca tar\u0131m y\u00f6ntemleriyle ilgili de\u011fil<\/strong>; k\u0131rsal alanlar\u0131n gelece\u011fini, g\u0131da g\u00fcvenli\u011fini ve sosyal uyumu do\u011frudan etkileyen <strong>siyasi ve k\u00fclt\u00fcrel bir tercih<\/strong>.<\/p>\n\n\n\n<div class=\"wp-block-columns is-layout-flex wp-container-core-columns-layout-1 wp-block-columns-is-layout-flex\">\n<div class=\"wp-block-column is-layout-flow wp-block-column-is-layout-flow\">\n<figure class=\"wp-block-image size-full\"><a href=\"https:\/\/www.bugday.org\/blog\/wp-content\/uploads\/2026\/04\/NisanBB_Mapping-2.png\"><img loading=\"lazy\" decoding=\"async\" width=\"875\" height=\"457\" src=\"https:\/\/www.bugday.org\/blog\/wp-content\/uploads\/2026\/04\/NisanBB_Mapping-2.png\" alt=\"\" class=\"wp-image-300278\" srcset=\"https:\/\/www.bugday.org\/blog\/wp-content\/uploads\/2026\/04\/NisanBB_Mapping-2.png 875w, https:\/\/www.bugday.org\/blog\/wp-content\/uploads\/2026\/04\/NisanBB_Mapping-2-300x157.png 300w, https:\/\/www.bugday.org\/blog\/wp-content\/uploads\/2026\/04\/NisanBB_Mapping-2-768x401.png 768w\" sizes=\"(max-width: 875px) 100vw, 875px\" \/><\/a><\/figure>\n<\/div>\n\n\n\n<div class=\"wp-block-column is-layout-flow wp-block-column-is-layout-flow\">\n<figure class=\"wp-block-image size-full\"><a href=\"https:\/\/www.bugday.org\/blog\/wp-content\/uploads\/2026\/04\/NisanBB_Mapping.png\"><img loading=\"lazy\" decoding=\"async\" width=\"875\" height=\"457\" src=\"https:\/\/www.bugday.org\/blog\/wp-content\/uploads\/2026\/04\/NisanBB_Mapping.png\" alt=\"\" class=\"wp-image-300279\" srcset=\"https:\/\/www.bugday.org\/blog\/wp-content\/uploads\/2026\/04\/NisanBB_Mapping.png 875w, https:\/\/www.bugday.org\/blog\/wp-content\/uploads\/2026\/04\/NisanBB_Mapping-300x157.png 300w, https:\/\/www.bugday.org\/blog\/wp-content\/uploads\/2026\/04\/NisanBB_Mapping-768x401.png 768w\" sizes=\"(max-width: 875px) 100vw, 875px\" \/><\/a><\/figure>\n<\/div>\n<\/div>\n\n\n\n<h3 class=\"wp-block-heading\"><strong>MAPPING projesi, Akdeniz b\u00f6lgesinde \u00e7e\u015fitlili\u011fi temel alan mevcut tar\u0131msal ormanc\u0131l\u0131k uygulamalar\u0131n\u0131 bir araya getirecek.&nbsp;<\/strong><\/h3>\n\n\n\n<p>Avrupa Birli\u011fi&#8217;nin Erasmus+ program\u0131 arac\u0131l\u0131\u011f\u0131yla ortak finanse edilen ve \u0130talyan sivil toplum kurulu\u015fu Deafal taraf\u0131ndan koordine edilen MAPPING projesi, <strong>Akdeniz&#8217;in d\u00f6rt bir yan\u0131ndan sivil inisiyatifleri bir araya getiriyor<\/strong>: <em>Associa\u00e7\u00e3o Terra Sintr\u00f3pica<\/em> (Portekiz), <em>Bu\u011fday Ekolojik Ya\u015fam\u0131 Destekleme Derne\u011fi<\/em> (T\u00fcrkiye), <em>Lebanon Reforestation Initiative<\/em> (L\u00fcbnan), <em>Millepiani Aps Ente del Terzo Settore<\/em> (\u0130talya) ve <em>The Southern Lights<\/em> (Yunanistan).<\/p>\n\n\n\n<p>Bu ortakl\u0131k, <strong>Avrupa Birli\u011fi s\u0131n\u0131rlar\u0131n\u0131n \u00f6tesine ge\u00e7erek Akdeniz B\u00f6lgesi\u2019ni ekolojik, k\u00fclt\u00fcrel ve \u00fcretim \u00e7e\u015fitlili\u011fiyle birlikte kucaklayan bir anlay\u0131\u015f\u0131 <\/strong>yans\u0131t\u0131yor.<\/p>\n\n\n\n<p><strong>MAPPING projesinin amac\u0131, Akdeniz \u00fclkelerinde var olan agroekolojik tar\u0131msal ormanc\u0131l\u0131k giri\u015fimlerinin bir haritas\u0131n\u0131 \u00e7\u0131karmak ve onlar\u0131 bir araya getirmek<\/strong>. Proje ayn\u0131 zamanda k\u0131rsal topluluklar\u0131n kapasitelerini g\u00fc\u00e7lendirmeyi ve hem yerel hem de bilimsel bilgiye dayanan s\u00fcrd\u00fcr\u00fclebilir uygulamalar\u0131 yayg\u0131nla\u015ft\u0131rmay\u0131 hedefliyor. Proje ile halihaz\u0131rda var olan uygulamalar g\u00f6r\u00fcn\u00fcr olacak, bu alanda \u00e7al\u0131\u015fanlar bir araya gelecek ve tar\u0131msal ormanc\u0131l\u0131\u011f\u0131 \u00f6\u011frenmek ve uygulamak isteyenler i\u00e7in somut ara\u00e7lar geli\u015ftirilecek.&nbsp;<\/p>\n\n\n\n<figure class=\"wp-block-image size-full\"><a href=\"https:\/\/www.bugday.org\/blog\/wp-content\/uploads\/2026\/04\/NisanBB_Mapping-4.png\"><img loading=\"lazy\" decoding=\"async\" width=\"875\" height=\"457\" src=\"https:\/\/www.bugday.org\/blog\/wp-content\/uploads\/2026\/04\/NisanBB_Mapping-4.png\" alt=\"\" class=\"wp-image-300276\" srcset=\"https:\/\/www.bugday.org\/blog\/wp-content\/uploads\/2026\/04\/NisanBB_Mapping-4.png 875w, https:\/\/www.bugday.org\/blog\/wp-content\/uploads\/2026\/04\/NisanBB_Mapping-4-300x157.png 300w, https:\/\/www.bugday.org\/blog\/wp-content\/uploads\/2026\/04\/NisanBB_Mapping-4-768x401.png 768w\" sizes=\"(max-width: 875px) 100vw, 875px\" \/><\/a><\/figure>\n\n\n\n<p><\/p>\n\n\n\n<div class=\"wp-block-columns is-layout-flex wp-container-core-columns-layout-2 wp-block-columns-is-layout-flex\">\n<div class=\"wp-block-column is-layout-flow wp-block-column-is-layout-flow\"><div class=\"wp-block-image\">\n<figure class=\"aligncenter size-full\"><a href=\"https:\/\/docs.google.com\/forms\/d\/e\/1FAIpQLSdPe0Jd5gmT4i7EBmBFS14ytoMTY9cQgZksxLXBIy6_efrxrA\/viewform\"><img loading=\"lazy\" decoding=\"async\" width=\"800\" height=\"150\" src=\"https:\/\/www.bugday.org\/blog\/wp-content\/uploads\/2026\/04\/MAPPING-ANKET-2-1.png\" alt=\"\" class=\"wp-image-300309\" srcset=\"https:\/\/www.bugday.org\/blog\/wp-content\/uploads\/2026\/04\/MAPPING-ANKET-2-1.png 800w, https:\/\/www.bugday.org\/blog\/wp-content\/uploads\/2026\/04\/MAPPING-ANKET-2-1-300x56.png 300w, https:\/\/www.bugday.org\/blog\/wp-content\/uploads\/2026\/04\/MAPPING-ANKET-2-1-768x144.png 768w\" sizes=\"(max-width: 800px) 100vw, 800px\" \/><\/a><\/figure><\/div><\/div>\n<\/div>\n\n\n\n<p><\/p>\n\n\n\n<p>Projenin ilk ve en \u00f6nemli ad\u0131m\u0131, Akdeniz\u2019in d\u00f6rt bir yan\u0131nda tar\u0131msal ormanc\u0131l\u0131kla ilgilenen \u00e7ift\u00e7ilerin, \u00f6zel giri\u015fimlerin, teknik uzmanlar\u0131n, yerel y\u00f6netimlerin ve bu konuda \u00e7al\u0131\u015fan herkesin kat\u0131labilece\u011fi <strong>\u00e7ok dilli bir anket d\u00fczenlemek oldu<\/strong>. Bu anket, <strong>b\u00f6lgenin ilk etkile\u015fimli, iki dilli (T\u00fcrk\u00e7e ve \u0130ngilizce) web haritas\u0131n\u0131 olu\u015fturmak i\u00e7in kullan\u0131lacak. <\/strong>Toplanan veriler, tan\u0131mlar ve iyi uygulamalar derlenerek, haritada, kullan\u0131c\u0131lar\u0131n farkl\u0131 co\u011frafyalardaki tar\u0131msal ormanc\u0131l\u0131k deneyimlerini ke\u015ffetmesine, kar\u015f\u0131la\u015ft\u0131rmas\u0131na ve payla\u015fmas\u0131na olanak tan\u0131yacak a\u00e7\u0131k ve \u00fccretsiz bir platform olu\u015fturulacak.<\/p>\n\n\n\n<p>Ankete kat\u0131lmak, \u00e7ift\u00e7ilere, \u00f6rg\u00fctlere ve yerel payda\u015flara ne sa\u011flayacak?<\/p>\n\n\n\n<ul>\n<li>Deneyimleri, uygulay\u0131c\u0131larla ara\u015ft\u0131rmac\u0131lar\u0131 bulu\u015fturan ulus\u00f6tesi bir a\u011fda yer alacak,<\/li>\n\n\n\n<li>Akdeniz agroekolojik tar\u0131msal ormanc\u0131l\u0131\u011f\u0131na ili\u015fkin ortak bir bilgi havuzuna katk\u0131da bulunmu\u015f olacaklar,<\/li>\n\n\n\n<li>Web haritas\u0131nda ve projenin e\u011fitim materyallerinde (podcastler, kitap\u00e7\u0131klar, videolar, webinarlar) yer alacaklar,<\/li>\n\n\n\n<li>Proje orta\u011f\u0131 olan \u00fclkelerde d\u00fczenlenecek yerel at\u00f6lye \u00e7al\u0131\u015fmalar\u0131na ve e\u011fitim etkinliklerine kat\u0131labilecekler.<\/li>\n<\/ul>\n\n\n\n<h3 class=\"wp-block-heading\"><strong>Proje sayesinde derlenen yaz\u0131l\u0131 ve g\u00f6rsel i\u00e7eriklerle tar\u0131msal ormanc\u0131l\u0131k uygulamalar\u0131 yapan ve yapmak isteyenlerin kullanabilece\u011fi ulus\u00f6tesi bir ar\u015fiv olu\u015fturulacak.&nbsp;<\/strong><\/h3>\n\n\n\n<p>MAPPING projesinin hedeflenen \u00e7\u0131kt\u0131lar\u0131:<\/p>\n\n\n\n<ul>\n<li>Akdeniz\u2019in d\u00f6rt bir yan\u0131ndaki tar\u0131msal ormanc\u0131l\u0131k giri\u015fimlerini ke\u015ffetmeye ve kar\u015f\u0131la\u015ft\u0131rmaya olanak tan\u0131yan, iki dilli (T\u00fcrk\u00e7e ve \u0130ngilizce), \u00fccretsiz ve a\u00e7\u0131k eri\u015fimli bir Web Haritas\u0131<\/li>\n\n\n\n<li>Anket, podcastler ve yerel at\u00f6lye \u00e7al\u0131\u015fmalar\u0131ndan derlenen \u00fclkelere \u00f6zel veriler ve \u00f6rnek vakalarla, Akdeniz havzas\u0131ndaki agroekolojik tar\u0131msal ormanc\u0131l\u0131\u011f\u0131n mevcut durumunu \u00f6zetleyen bir e\u011fitim kitap\u00e7\u0131\u011f\u0131<\/li>\n\n\n\n<li>E\u011fitim etkinlikleri, yerel at\u00f6lye \u00e7al\u0131\u015fmalar\u0131 ve webinarlar s\u0131ras\u0131nda kat\u0131l\u0131mc\u0131 y\u00f6ntemlerle toplanan bilgiyi g\u00f6rsel olarak aktaran, infografikler ve kitap\u00e7\u0131k i\u00e7eren bir e\u011fitim kiti<\/li>\n\n\n\n<li>Tar\u0131msal ormanc\u0131l\u0131k giri\u015fimlerinin hik\u00e2yesini yenilik\u00e7i ve disiplinleraras\u0131 yakla\u015f\u0131mlarla anlatman\u0131n yollar\u0131n\u0131 ele alan bir ileti\u015fim kitap\u00e7\u0131\u011f\u0131<\/li>\n\n\n\n<li>Hik\u00e2yelerin, y\u00f6ntemlerin ve uygulanabilir yakla\u015f\u0131mlar\u0131n anlat\u0131ld\u0131\u011f\u0131 \u00e7ok dilli bir podcast serisi<\/li>\n\n\n\n<li>Tar\u0131msal ormanc\u0131l\u0131\u011f\u0131 derinlemesine inceleyen bir video serisi<\/li>\n\n\n\n<li>\u0130\u015fbirli\u011fini ve s\u00fcrekli \u00f6\u011frenmeyi destekleyen ulus\u00f6tesi bir a\u011f<\/li>\n\n\n\n<li>K\u0131rsal topluluklar\u0131n agroekolojik uygulamalara daha geni\u015f \u00e7apl\u0131 kat\u0131l\u0131m\u0131n\u0131 sa\u011flayacak bir platform<\/li>\n<\/ul>\n\n\n\n<p>MAPPING bir e\u011fitim projesinden \u00f6te; bir b\u00f6lgeye ve orada ya\u015fayan topluluklara sahip \u00e7\u0131kan, onlar\u0131n k\u00fclt\u00fcrel ve yerel bilgilerini koruma sorumlulu\u011fu \u00fcstlenen bir giri\u015fim. Politikalar\u0131n uyum sa\u011flayabilece\u011finden daha h\u0131zl\u0131 de\u011fi\u015fen Akdeniz&#8217;de, tar\u0131msal ormanc\u0131l\u0131k uygulamalar\u0131n\u0131 yeniden g\u00fcndeme almak, yerel bilginin, biyo\u00e7e\u015fitlili\u011fin ve ulus\u00f6tesi i\u015fbirli\u011finin stratejik birer de\u011fer haline geldi\u011fi bir gelece\u011fe y\u00f6n vermek i\u00e7in at\u0131lm\u0131\u015f \u00f6nemli bir ad\u0131m.&nbsp;<\/p>\n\n\n\n<p>Projenin ba\u015flang\u0131\u00e7 hamlesi olan anket, bu ortak yolculu\u011fun ilk ad\u0131m\u0131; ankete kat\u0131lanlar\u0131n payla\u015ft\u0131\u011f\u0131 her deneyim haritada yerini alarak Akdeniz\u2019de tar\u0131msal ormanc\u0131l\u0131\u011f\u0131n izini s\u00fcrmek isteyenlere rehberlik edecek.<\/p>\n\n\n\n<p><strong>Projenin T\u00fcrkiye aya\u011f\u0131n\u0131 y\u00fcr\u00fcten Bu\u011fday Derne\u011fi olarak, <\/strong>2002\u2019den bu yana tek tek bireylerde ve bir b\u00fct\u00fcn olarak toplumda ekolojik ya\u015fam bilinci ve duyarl\u0131l\u0131\u011f\u0131 olu\u015fturmak, ekolojik dengelerin geri d\u00f6n\u00fc\u015f\u00fc olmayacak h\u0131z ve bi\u00e7imde bozulmas\u0131 sonucunda ortaya \u00e7\u0131kan sorunlara b\u00fct\u00fcnc\u00fcl \u00e7\u00f6z\u00fcm yollar\u0131 sunmak ve do\u011fa ile uyumlu ya\u015fam\u0131 desteklemek i\u00e7in \u00e7al\u0131\u015f\u0131yoruz.&nbsp;<\/p>\n\n\n\n<p>Bu amaca ula\u015fmak i\u00e7in sa\u011fl\u0131kl\u0131, adil, s\u00fcrd\u00fcr\u00fclebilir ve ekolojik \u00fcretim ve t\u00fcketim modelleri geli\u015ftiriyoruz, ekolojik, adil ve s\u00fcrd\u00fcr\u00fclebilir \u00fcretim ve t\u00fcketim y\u00f6ntemlerini destekliyor, ekolojik ya\u015fam bilgisi ve deneyimini yaymak i\u00e7in projeler, e\u011fitimler ve yay\u0131nlar \u00fcretiyoruz.<\/p>\n\n\n\n<h2 class=\"wp-block-heading\"><strong>MAPPING projesine kat\u0131lan di\u011fer sivil toplum kurulu\u015flar\u0131:<\/strong><\/h2>\n\n\n\n<p><strong>Deafal ETS (\u0130talya), <\/strong>tar\u0131msal \u00fcreticilerin ya\u015fam ko\u015fullar\u0131n\u0131 iyile\u015ftirmek, topluluklar\u0131n g\u0131da egemenli\u011fi ve toprak ile \u00e7evrenin korunmas\u0131 ve kalk\u0131nma i\u015fbirli\u011fi alan\u0131nda \u00e7al\u0131\u015fan bir sivil toplum kurulu\u015fu. K\u0131rsal ve kentsel topluluklar\u0131n haklar\u0131 ile onurunu savunarak agroekosistemlerin onar\u0131m\u0131n\u0131 ve g\u00f6zetilmesini destekliyor; \u00e7ift\u00e7iler, hayvanc\u0131l\u0131kla u\u011fra\u015fanlar, vatanda\u015flar, \u00f6\u011frenciler, \u00f6\u011fretmenler ve ailelerle omuz omuza \u00e7al\u0131\u015f\u0131yor.<\/p>\n\n\n\n<p><a href=\"http:\/\/www.deafal.org\/\">www.deafal.org<\/a> | FB @<a href=\"http:\/\/www.facebook.com\/DeafalONG\">deafalONG<\/a> | IG @<a href=\"https:\/\/www.instagram.com\/deafal_aor\/\">deafal_aor<\/a> |&nbsp;LK @<a href=\"https:\/\/www.linkedin.com\/company\/deafal-agricoltura-organica-e-rigenerativa\/\">deafal-agricoltura-organica-e-rigenerativa<\/a> | YT @<a href=\"https:\/\/www.youtube.com\/@deafal-agricolturaorganica\">Deafal ONG<\/a><\/p>\n\n\n\n<p><strong>Associa\u00e7\u00e3o Terra Sintr\u00f3pica (Portekiz), <\/strong>yar\u0131 kurak co\u011frafyalarda ekolojik, sosyal ve ekonomik onar\u0131m i\u00e7in \u00e7al\u0131\u015fan bir sivil toplum kurulu\u015fu ve ya\u015fayan bir laboratuvar. Agroekolojiyi temel alan ve sintropik ilkelerden esinlenen kurulu\u015f, topraklar\u0131 onarmak, yerel g\u0131da sistemlerini g\u00fc\u00e7lendirmek,i\u015fbirli\u011fi olanaklar\u0131 yaratmak, e\u011fitim, topra\u011f\u0131 onaran ve g\u00f6zeten bir anlay\u0131\u015fla diren\u00e7li topluluklar olu\u015fturmak i\u00e7in \u00e7abal\u0131yor.<\/p>\n\n\n\n<p><a href=\"https:\/\/terrasintropica.com\/\">www.terrasintropica.com<\/a> | FB @<a href=\"https:\/\/www.facebook.com\/terrasintropica\/?locale=pt_PT\">terrasintropica<\/a> | IG @<a href=\"https:\/\/www.instagram.com\/terrasintropica\/\">terrasintropica<\/a> | LK @<a href=\"https:\/\/www.linkedin.com\/company\/terra-sintropica\/posts\/?feedView=all\">terra-sintropica<\/a> | MAIL <a href=\"mailto:info@terrasintropica.com\">info@terrasintropica.com<\/a><\/p>\n\n\n\n<p><strong>Lebanon Reforestation Initiative (L\u00fcbnan)<\/strong>, s\u00fcrd\u00fcr\u00fclebilir a\u011fa\u00e7land\u0131rma ve tar\u0131msal ormanc\u0131l\u0131k yakla\u015f\u0131mlar\u0131yla L\u00fcbnan&#8217;\u0131n do\u011fal peyzaj\u0131n\u0131 yeniden ye\u015fertmek i\u00e7in \u00e7al\u0131\u015fan bir sivil toplum kurulu\u015fu. LRI, a\u011fa\u00e7 dikimini tar\u0131m uygulamalar\u0131 ile b\u00fct\u00fcnle\u015ftirerek \u00e7evresel dayan\u0131kl\u0131l\u0131\u011f\u0131 g\u00fc\u00e7lendirmek, iklim de\u011fi\u015fikli\u011fine uyumu desteklemek ve yerel ge\u00e7im kaynaklar\u0131n\u0131 iyile\u015ftirmek i\u00e7in \u00e7abal\u0131yor. Topluluk kat\u0131l\u0131m\u0131, kapasite geli\u015ftirme ve ekosistem restorasyonu arac\u0131l\u0131\u011f\u0131yla LRI, k\u0131rsal topluluklar\u0131n do\u011fal kaynaklar\u0131n\u0131 s\u00fcrd\u00fcr\u00fclebilir bi\u00e7imde y\u00f6netmelerini ve g\u0131da g\u00fcvenliklerini art\u0131rmalar\u0131n\u0131 destekliyor.<\/p>\n\n\n\n<p><a href=\"http:\/\/www.lri-lb.org\/\">www.lri-lb.org<\/a> | FB @<a href=\"https:\/\/www.facebook.com\/LebanonReforestationInitiative\/\">Lebanon Reforestation Initiative <\/a>| IG @<a href=\"https:\/\/www.instagram.com\/lri_lebanon\/\">lri_lebanon<\/a> | X @<a href=\"https:\/\/x.com\/LRILB\">LRILB<\/a> LK @<a href=\"https:\/\/www.linkedin.com\/company\/18915608\/admin\/\">Lebanon Reforestation Initiative<\/a> | YT @<a href=\"https:\/\/www.youtube.com\/@LebanonReforestation\">Lebanon Reforestation Initiative<\/a><\/p>\n\n\n\n<p><strong>Millepiani (\u0130talya),<\/strong> 2012 y\u0131l\u0131nda Roma&#8217;da, serbest \u00e7al\u0131\u015fanlar, \u015firketler ve dernekler i\u00e7in dayan\u0131\u015fmac\u0131 bir ortak \u00e7al\u0131\u015fma modeli olarak kurulan, bir i\u015fbirli\u011fi ve k\u00fclt\u00fcr merkezi. Bug\u00fcn sosyal inovasyonu, yarat\u0131c\u0131 proje geli\u015ftirmeyi, k\u00fclt\u00fcrel etkinlikleri ve s\u00fcrd\u00fcr\u00fclebilir politikalar\u0131 destekleyen; yerel g\u0131da sistemleri ve dijital e\u011fitim alanlar\u0131nda etkin rol \u00fcstlenen bir sivil toplum kurulu\u015fu olarak faaliyet g\u00f6steriyor.<\/p>\n\n\n\n<p><a href=\"http:\/\/www.millepiani.eu\/\">www.millepiani.eu<\/a> | FB @<a href=\"http:\/\/facebook.com\/MillepianiCoworking\">MillepianiCoworking <\/a>| IG @<a href=\"https:\/\/www.instagram.com\/millepiani_coworking\">millepiani_coworking&nbsp;<\/a><\/p>\n\n\n\n<p><strong>The Southern Lights (Yunanistan)<\/strong>, Yunanistan&#8217;\u0131n G\u00fcney Peloponnese b\u00f6lgesindeki bir tar\u0131msal ormanc\u0131l\u0131k \u00e7iftli\u011fi ve ara\u015ft\u0131rma-uygulama alan\u0131nda faaliyet g\u00f6steren e\u011fitim ve toprak g\u00f6zetimi odakl\u0131 bir sivil toplum kurulu\u015fu. Tar\u0131m-g\u0131da sekt\u00f6r\u00fcnde ve \u00f6tesinde onar\u0131c\u0131 d\u00f6n\u00fc\u015f\u00fcmleri destekliyor. Bireylerin, topluluklar\u0131n ve ekosistemlerin genel refah\u0131 i\u00e7in yerel onar\u0131c\u0131 kalk\u0131nmaya y\u00f6nelik yer ve insan temelli \u00e7\u00f6z\u00fcmleri hayata ge\u00e7irmek amac\u0131yla sistemik bir yakla\u015f\u0131m benimsiyor.<\/p>\n\n\n\n<p><a href=\"http:\/\/www.thesouthernlights.org\/\">www.thesouthernlights.org<\/a> <a href=\"http:\/\/www.regenerativefarminggreece.org\/\">www.regenerativefarminggreece.org<\/a> | FB @<a href=\"https:\/\/www.facebook.com\/thesouthernlightsproject\/\">thesouthernlightsproject<\/a> @<a href=\"https:\/\/www.facebook.com\/regenerativefarminggreece\/\">regenerativefarminggreece<\/a> | IG @<a href=\"https:\/\/www.instagram.com\/southernlightsp\/\">southernlightsp<\/a> @<a href=\"https:\/\/www.instagram.com\/regenerativefarminggreece\/\">regenerativefarminggreece<\/a> | LK @<a href=\"https:\/\/www.linkedin.com\/company\/the-southern-lights\/\">the-southern-lights<\/a> @<a href=\"https:\/\/www.linkedin.com\/company\/regenerative-farming-greece\/\">regenerative-farming-greece<\/a> | YT @<a href=\"https:\/\/www.youtube.com\/@thesouthernlightsproject32\">thesouthernlightsproject32<\/a> @<a href=\"https:\/\/www.youtube.com\/@regenerativefarminggreece\">regenerativefarminggreece<\/a><\/p>\n\n\n\n<div class=\"wp-block-columns is-layout-flex wp-container-core-columns-layout-3 wp-block-columns-is-layout-flex\">\n<div class=\"wp-block-column is-layout-flow wp-block-column-is-layout-flow\">\n<figure class=\"wp-block-image size-full is-resized\"><a href=\"https:\/\/www.bugday.org\/blog\/wp-content\/uploads\/2026\/04\/MAPPING-Logo-Horizontal-1.png\"><img loading=\"lazy\" decoding=\"async\" width=\"369\" height=\"113\" src=\"https:\/\/www.bugday.org\/blog\/wp-content\/uploads\/2026\/04\/MAPPING-Logo-Horizontal-1.png\" alt=\"\" class=\"wp-image-300286\" style=\"width:258px;height:auto\" srcset=\"https:\/\/www.bugday.org\/blog\/wp-content\/uploads\/2026\/04\/MAPPING-Logo-Horizontal-1.png 369w, https:\/\/www.bugday.org\/blog\/wp-content\/uploads\/2026\/04\/MAPPING-Logo-Horizontal-1-300x92.png 300w\" sizes=\"(max-width: 369px) 100vw, 369px\" \/><\/a><\/figure>\n<\/div>\n\n\n\n<div class=\"wp-block-column is-vertically-aligned-center is-layout-flow wp-block-column-is-layout-flow\"><div class=\"wp-block-image\">\n<figure class=\"aligncenter size-large is-resized\"><a href=\"https:\/\/www.bugday.org\/blog\/wp-content\/uploads\/2026\/04\/fc9b43f7-08f6-4a23-95e2-8505a6ac684e.png\"><img loading=\"lazy\" decoding=\"async\" width=\"1024\" height=\"173\" src=\"https:\/\/www.bugday.org\/blog\/wp-content\/uploads\/2026\/04\/fc9b43f7-08f6-4a23-95e2-8505a6ac684e-1024x173.png\" alt=\"\" class=\"wp-image-300291\" style=\"width:379px;height:auto\" srcset=\"https:\/\/www.bugday.org\/blog\/wp-content\/uploads\/2026\/04\/fc9b43f7-08f6-4a23-95e2-8505a6ac684e-1024x173.png 1024w, https:\/\/www.bugday.org\/blog\/wp-content\/uploads\/2026\/04\/fc9b43f7-08f6-4a23-95e2-8505a6ac684e-300x51.png 300w, https:\/\/www.bugday.org\/blog\/wp-content\/uploads\/2026\/04\/fc9b43f7-08f6-4a23-95e2-8505a6ac684e-768x129.png 768w, https:\/\/www.bugday.org\/blog\/wp-content\/uploads\/2026\/04\/fc9b43f7-08f6-4a23-95e2-8505a6ac684e-1536x259.png 1536w, https:\/\/www.bugday.org\/blog\/wp-content\/uploads\/2026\/04\/fc9b43f7-08f6-4a23-95e2-8505a6ac684e-2048x345.png 2048w\" sizes=\"(max-width: 1024px) 100vw, 1024px\" \/><\/a><\/figure><\/div><\/div>\n<\/div>\n","protected":false},"excerpt":{"rendered":"<p>Bu\u011fday Ekolojik Ya\u015fam\u0131 Destekleme Derne\u011fi olarak \u0130talya, L\u00fcbnan, Portekiz ve Yunanistan\u2019dan sivil toplum kurulu\u015flar\u0131yla birlikte, iklim krizinin olumsuz etkilerine kar\u015f\u0131 diren\u00e7li yap\u0131lar olu\u015fturan agroekolojik tar\u0131msal ormanc\u0131l\u0131k uygulamalar\u0131n\u0131n haritas\u0131n\u0131 \u00e7\u0131kar\u0131yoruz.&nbsp; Akdeniz iklim krizinin ate\u015f hatt\u0131nda!&nbsp; Akdeniz&#8230;<\/p>\n","protected":false},"author":9,"featured_media":300277,"comment_status":"open","ping_status":"open","sticky":false,"template":"","format":"standard","meta":{"footnotes":""},"categories":[804,336,1,44,43,41,716,30,1528,1130],"tags":[],"_links":{"self":[{"href":"https:\/\/www.bugday.org\/blog\/wp-json\/wp\/v2\/posts\/300274"}],"collection":[{"href":"https:\/\/www.bugday.org\/blog\/wp-json\/wp\/v2\/posts"}],"about":[{"href":"https:\/\/www.bugday.org\/blog\/wp-json\/wp\/v2\/types\/post"}],"author":[{"embeddable":true,"href":"https:\/\/www.bugday.org\/blog\/wp-json\/wp\/v2\/users\/9"}],"replies":[{"embeddable":true,"href":"https:\/\/www.bugday.org\/blog\/wp-json\/wp\/v2\/comments?post=300274"}],"version-history":[{"count":15,"href":"https:\/\/www.bugday.org\/blog\/wp-json\/wp\/v2\/posts\/300274\/revisions"}],"predecessor-version":[{"id":300310,"href":"https:\/\/www.bugday.org\/blog\/wp-json\/wp\/v2\/posts\/300274\/revisions\/300310"}],"wp:featuredmedia":[{"embeddable":true,"href":"https:\/\/www.bugday.org\/blog\/wp-json\/wp\/v2\/media\/300277"}],"wp:attachment":[{"href":"https:\/\/www.bugday.org\/blog\/wp-json\/wp\/v2\/media?parent=300274"}],"wp:term":[{"taxonomy":"category","embeddable":true,"href":"https:\/\/www.bugday.org\/blog\/wp-json\/wp\/v2\/categories?post=300274"},{"taxonomy":"post_tag","embeddable":true,"href":"https:\/\/www.bugday.org\/blog\/wp-json\/wp\/v2\/tags?post=300274"}],"curies":[{"name":"wp","href":"https:\/\/api.w.org\/{rel}","templated":true}]}}