{"id":299790,"date":"2025-12-19T11:40:07","date_gmt":"2025-12-19T08:40:07","guid":{"rendered":"https:\/\/www.bugday.org\/blog\/?p=299790"},"modified":"2026-03-27T12:42:33","modified_gmt":"2026-03-27T09:42:33","slug":"hatay-ciftcisi-topragiyla-birlikte-donusuyor","status":"publish","type":"post","link":"https:\/\/www.bugday.org\/blog\/hatay-ciftcisi-topragiyla-birlikte-donusuyor\/","title":{"rendered":"Hatay \u00c7ift\u00e7isi Topra\u011f\u0131yla Birlikte D\u00f6n\u00fc\u015f\u00fcyor"},"content":{"rendered":"\n<p><strong>Ekonomik ve ekolojik anlamda dayan\u0131kl\u0131 bir g\u0131da sistemi i\u00e7in \u00e7al\u0131\u015f\u0131yoruz.<\/strong><\/p>\n\n\n\n<p><strong>Bu\u011fday Ekolojik Ya\u015fam\u0131 Destekleme Derne\u011fi olarak, afetlere ve krizlere dayan\u0131kl\u0131 bir \u00fcretim modeli olu\u015fturmak \u00fczere iki y\u0131l \u00f6nce ba\u015flatt\u0131\u011f\u0131m\u0131z Hatay\u2019da Tar\u0131msal \u00dcretimde Onar\u0131c\u0131 D\u00f6n\u00fc\u015f\u00fcm projesine kat\u0131lan \u00e7ift\u00e7ilerimiz ekonomik ve ekolojik anlamda diren\u00e7li modeller olu\u015fturma yolunda b\u00fcy\u00fck ad\u0131mlar att\u0131lar. \u00dcretim y\u00f6ntemlerini d\u00f6n\u00fc\u015ft\u00fcrd\u00fcler, dayan\u0131\u015fma a\u011flar\u0131 kurdular;&nbsp; topraklar\u0131yla birlikte ya\u015famlar\u0131n\u0131 onarmaya ba\u015flad\u0131lar.&nbsp;<\/strong><\/p>\n\n\n\n<p>Depremden sonra \u00fcretimi b\u0131rakma noktas\u0131ndaki \u00e7ift\u00e7iler, Bu\u011fday Derne\u011fi olarak iki y\u0131ld\u0131r verdi\u011fimiz e\u011fitimler ve dan\u0131\u015fmanl\u0131klar sonucunda \u00fcretimlerine yeniden sar\u0131ld\u0131. Topra\u011f\u0131n canl\u0131l\u0131\u011f\u0131n\u0131 ve verimlili\u011fi art\u0131rmaya ba\u015flayan \u00e7ift\u00e7iler, uygulad\u0131klar\u0131 agroekolojik y\u00f6ntemlerle hem do\u011fa dostu hem sa\u011fl\u0131kl\u0131 hem de verimli \u00fcretim yap\u0131labildi\u011fini ortaya koyuyor.&nbsp;<\/p>\n\n\n\n<p>Hatay\u2019da Tar\u0131msal \u00dcretimde Onar\u0131c\u0131 D\u00f6n\u00fc\u015f\u00fcm projesiyle birlikte, ilin farkl\u0131 b\u00f6lgelerinde \u00fcretim yapan toplam 64 \u00e7ift\u00e7i 750 dekar arazide agroekolojik uygulamalara ge\u00e7i\u015f yapt\u0131.<\/p>\n\n\n\n<p>\u00dcreticiler bug\u00fcn kendi g\u00fcbre, bitki besleme ve m\u00fccadele malzemelerini do\u011fal y\u00f6ntemlerle \u00fcretiyor, agroekolojik teknik ve uygulamalara devam ediyor, \u00e7ift\u00e7iden \u00e7ift\u00e7iye bilgi aktar\u0131m\u0131 y\u00f6ntemiyle mevcut bilgi ve deneyimlerini birbirlerine ve \u00e7evrelerindeki&nbsp; \u00fcreticilere anlat\u0131yor, i\u015fbirli\u011fi i\u00e7inde olduklar\u0131 kooperatif ve yeni pazarlama kanallar\u0131yla \u00fcr\u00fcnlerini T\u00fcrkiye\u2019nin farkl\u0131 b\u00f6lgelerine ula\u015ft\u0131rabiliyor.<\/p>\n\n\n\n<p>S\u00fcrd\u00fcr\u00fclebilir tar\u0131m uygulamalar\u0131n\u0131 ve sosyal hareketleri bir araya getiren agroekoloji hareketi, do\u011fa dostu tar\u0131m uygulamalar\u0131yla insan ve do\u011fal varl\u0131klar\u0131n s\u00fcrd\u00fcr\u00fclebilirli\u011fini sa\u011flamakla kalm\u0131yor ayn\u0131 zamanda herkesin sa\u011fl\u0131kl\u0131 g\u0131daya adil eri\u015fimini, iklim de\u011fi\u015fikli\u011finin etkilerinin azalt\u0131lmas\u0131n\u0131 da b\u00fct\u00fcnc\u00fcl bir yakla\u015f\u0131mla ele al\u0131yor.<\/p>\n\n\n\n<p>Bu anlamda Bu\u011fday Derne\u011fi olarak Hatay&#8217;da y\u00fcr\u00fctt\u00fc\u011f\u00fcm\u00fcz onar\u0131c\u0131 d\u00f6n\u00fc\u015f\u00fcm projesinin, ekolojik, ekonomik ve sosyal a\u00e7\u0131dan kazan\u0131mlar\u0131 ZENNA Kurumsal Marka Y\u00f6netim Ara\u015ft\u0131rmalar\u0131 ve Dan\u0131\u015fmanl\u0131\u011f\u0131 taraf\u0131ndan yap\u0131lan etki \u00f6l\u00e7me ve de\u011ferlendirme \u00e7al\u0131\u015fmas\u0131yla ortaya kondu. \u00c7al\u0131\u015fman\u0131n sonu\u00e7lar\u0131&nbsp; projeye kat\u0131lan \u00e7ift\u00e7ilerin, \u00fcretimleriyle birlikte ya\u015famlar\u0131n\u0131 da onarmaya ba\u015flad\u0131klar\u0131n\u0131 a\u00e7\u0131k bir \u015fekilde g\u00f6steriyor.<\/p>\n\n\n\n<p><strong>Ekolojik:&nbsp;<\/strong><\/p>\n\n\n\n<p><strong>Projeyle birlikte pestisit kullanmaktan vazge\u00e7ip do\u011fa dostu preparatlar\u0131 kullanma oran\u0131 ilk d\u00f6nem \u00fcreticilerinde %94, ikinci d\u00f6nem \u00fcreticilerinde ise %84 oldu. \u00dcreticiler proje kapsam\u0131nda \u00f6ncelikle do\u011fal ila\u00e7lar\/tuzaklar ve do\u011fal g\u00fcbreler haz\u0131rlamaya ba\u015flad\u0131.<\/strong> Ankete kat\u0131lan \u00fcreticiler agroekolojik uygulamalar\u0131n topraklar\u0131ndaki ekolojik sonu\u00e7lar\u0131n\u0131 \u015f\u00f6yle ifade ettiler:&nbsp;<\/p>\n\n\n\n<p>\u201c<em>Agroekolojik uygulamalarla kendi g\u00fcbremi elde ettim. Bah\u00e7emde sorun g\u00f6r\u00fcnen ot ve benzeri bitkileri do\u011fal ila\u00e7 olarak kulland\u0131m. Sulama ve ya\u011fmur suyu hasad\u0131 sayesinde bah\u00e7emdeki su problemini \u00e7\u00f6zd\u00fcm.<\/em>\u201d<\/p>\n\n\n\n<p>\u201c<em>Bah\u00e7ede u\u011fur b\u00f6ce\u011fi, ar\u0131 gibi baz\u0131 yararl\u0131 b\u00f6ceklerin art\u0131\u015f g\u00f6sterdi\u011fini g\u00f6rmek benim i\u00e7in \u00e7ok k\u0131ymetliydi.<\/em>\u201d<\/p>\n\n\n\n<p>\u201c<em>Daha \u00f6nce kulland\u0131\u011f\u0131m\u0131z sentetik g\u00fcbreler y\u00fcz\u00fcnden topra\u011f\u0131m\u0131z yorgun bir h\u00e2l alm\u0131\u015ft\u0131 \u00fcr\u00fcnlerimiz art\u0131k olmuyordu. Yapt\u0131\u011f\u0131m\u0131z kompost sayesinde topra\u011f\u0131m\u0131z\u0131 onard\u0131k art\u0131k kendi g\u00fcbremizi, ila\u00e7lar\u0131m\u0131z\u0131 kendimiz yap\u0131yoruz<\/em>.\u201d&nbsp;<\/p>\n\n\n\n<p><strong>Ekonomik:<\/strong><\/p>\n\n\n\n<p><strong>Projenin pazarlama dan\u0131\u015fmanl\u0131\u011f\u0131ndan faydalanan ilk d\u00f6nem \u00fcreticilerinin %64\u2019\u00fc, \u00fcr\u00fcn\u00fcn\u00fc proje \u00f6ncesine g\u00f6re alternatif kanallara pazarlamaya ba\u015flad\u0131\u011f\u0131n\u0131, %52\u2019si ise \u00fcr\u00fcnlerini eskisinden daha iyi bir fiyata satt\u0131\u011f\u0131n\u0131 belirtti. Agroekolojik uygulamalara ge\u00e7i\u015f yapan \u00e7ift\u00e7iler, konvansiyonel tar\u0131mda kulland\u0131klar\u0131 sentetik g\u00fcbre ve tar\u0131m zehirlerinden uzakla\u015farak d\u0131\u015f girdi maliyetlerini d\u00fc\u015f\u00fcrmeye ba\u015flad\u0131lar.<\/strong><\/p>\n\n\n\n<p>\u201c<em>Pestisit kullanm\u0131yorum. Kendi g\u00fcbrelerimi kendim yapt\u0131m ve uygulad\u0131m. \u0130la\u00e7 gibi tuzak gibi ne laz\u0131msa ben yap\u0131yorum. K\u0131saca \u2018girdi\u2019 sorun olmaktan \u00e7\u0131kt\u0131<\/em>.&#8221;<\/p>\n\n\n\n<p>\u201c<em>Topra\u011f\u0131m\u0131n verimi artt\u0131 \u00fcr\u00fcnlerim, daha kaliteli oldu, suyu daha verimli kullanabildim, yeni uygulamalar ke\u015ffettim.<\/em>\u201d<\/p>\n\n\n\n<p><strong>Sosyal:<\/strong><\/p>\n\n\n\n<p><strong>\u0130lk d\u00f6nem \u00fcreticilerinin %97\u2019si, ikinci d\u00f6nem \u00fcreticilerinin %88\u2019i \u00e7ift\u00e7iler aras\u0131 kurulan ileti\u015fim a\u011f\u0131 ile birbirine destek olmaya ba\u015flad\u0131.&nbsp;<\/strong><\/p>\n\n\n\n<p>\u201c<em>Deprem sonras\u0131nda en zor zaman\u0131m\u0131zda ne yapaca\u011f\u0131m\u0131z\u0131 bilemez haldeyken bizi toplulu\u011fumuzdaki \u00fcreticilerle tan\u0131\u015ft\u0131rd\u0131. Her ne kadar \u00fcrettiklerimiz farkl\u0131 olsa da amac\u0131m\u0131z ayn\u0131yd\u0131; \u00f6\u011frenmek, \u00f6\u011frenirken birlik olmak, birlik olurken birbirimize destek olmakt\u0131.<\/em>\u201d<\/p>\n\n\n\n<p>\u201c<em>Depremin etkisiyle bir kopu\u015f, i\u015fe yaramama, yetersizlik, \u00e7\u00f6k\u00fc\u015f ya\u015fam\u0131\u015ft\u0131m. Bu\u011fday Derne\u011fi bu konuda \u00e7ok destek oldu. Tekrar \u00fcretmek, ayn\u0131 fikirlere sahip insanlarla birlikte m\u00fccadele etmek tekrar hayat\u0131m\u0131z\u0131 olu\u015fturmam\u0131z\u0131 sa\u011flad\u0131<\/em>.\u201d<\/p>\n\n\n\n<p><strong>Ekonomik ve ekolojik anlamda diren\u00e7li \u00fcretim modellerini T\u00fcrkiye\u2019ye yaymak istiyoruz.<\/strong><\/p>\n\n\n\n<p>Geride b\u0131rakt\u0131\u011f\u0131m\u0131z iki y\u0131l i\u00e7inde \u00fcreticilerimiz agroekolojik \u00fcretim, pazarlama ve \u00f6rg\u00fctlenme konusunda b\u00fcy\u00fck bir a\u015fama kat ettiler. Bu\u011fday Derne\u011fi olarak 2026 y\u0131l\u0131nda da uzman ve dan\u0131\u015fmanlar\u0131m\u0131zla birlikte deste\u011fimizi s\u00fcrd\u00fcrece\u011fiz. \u00dcreticilerimizin \u201cHatay Ekolojik \u00dcretim Birli\u011fi\u201d<br>ad\u0131 alt\u0131nda bir araya gelmesiyle birlikte hedefimiz, agroekolojik g\u0131da sistemlerinin T\u00fcrkiye\u2019de yayg\u0131nla\u015fmas\u0131 i\u00e7in yeni ad\u0131mlar atmak.&nbsp;<\/p>\n\n\n\n<p><strong>Projeye \u00fc\u00e7 ayr\u0131 \u00f6d\u00fcl<\/strong><\/p>\n\n\n\n<p>\u00c7ift\u00e7ilerimizin ba\u015far\u0131s\u0131 \u00fc\u00e7 \u00f6d\u00fclle de kar\u015f\u0131l\u0131k buldu. Hatay\u2019da Tar\u0131msal \u00dcretimde Onar\u0131c\u0131 D\u00f6n\u00fc\u015f\u00fcm projesi sponsorlar\u0131m\u0131zdan T\u00fcrkiye \u0130\u015f Bankas\u0131 A.\u015e.\u2019nin ba\u015fvurdu\u011fu Sardis \u00d6d\u00fclleri\u2019nde Pozitif Sosyal Etki kategorisinde G\u00fcm\u00fc\u015f \u00d6d\u00fcl, T\u00fcrkiye Halkla \u0130li\u015fkiler Derne\u011fi\u2019nin d\u00fczenledi\u011fi Alt\u0131n Pusula\u2019da ise 2 ayr\u0131 \u00f6d\u00fcle lay\u0131k g\u00f6r\u00fcld\u00fc.<\/p>\n\n\n\n<p>Proje kat\u0131l\u0131mc\u0131s\u0131 \u00e7ift\u00e7ilerin agroekolojik \u00fcretime devaml\u0131l\u0131\u011f\u0131n\u0131n yan\u0131 s\u0131ra \u00f6rg\u00fctlenme \u00e7al\u0131\u015fmalar\u0131n\u0131 s\u00fcrd\u00fcrmeleri, \u00fcretimde ihtiya\u00e7 duyduklar\u0131 izleme-analiz-kriz y\u00f6netimi programlar\u0131n\u0131n takibi ve farkl\u0131-\u00e7e\u015fitli pazarlama kanallar\u0131na entegre olabilmeleri i\u00e7in 2026\u2019da projenin devam etmesi kritik bir \u00f6nem ta\u015f\u0131yor. <strong>Afetlere ve krizlere diren\u00e7li tar\u0131m ve g\u0131da \u00fcretimi konusunda Hatay \u00e7ift\u00e7isiyle ba\u015flatt\u0131\u011f\u0131m\u0131z modelin sa\u011flam bir altyap\u0131ya kavu\u015fmas\u0131 ve t\u00fcm T\u00fcrkiye\u2019ye yay\u0131lmas\u0131 i\u00e7in destek\u00e7i aray\u0131\u015f\u0131m\u0131z devam ediyor.<\/strong><\/p>\n\n\n\n<p>Projede \u00e7ift\u00e7i e\u011fitimleri ve tar\u0131msal \u00fcretim faaliyetlerini destekleyen T\u00fcrkiye \u0130\u015f Bankas\u0131 A.\u015e.\u2019ye,<br>proje ekibinin ula\u015f\u0131m\u0131n\u0131 sa\u011flayan Ayvens\u2019a, destek\u00e7ilerimiz Bu\u011fday Derne\u011fi \u00fcyesi \u0130zel Levi Co\u015fkun ile<br>B\u00dcNSA D\u00f6k\u00fcm A.\u015e.\u2019ye te\u015fekk\u00fcr ederiz.<br><\/p>\n\n\n\n<p>Proje hakk\u0131nda detayl\u0131 bilgiye<a href=\"http:\/\/www.hatayicinbirlikte.org\/\"> www.hatayicinbirlikte.org<\/a> adresinden ula\u015fabilirsiniz.<\/p>\n","protected":false},"excerpt":{"rendered":"<p>Ekonomik ve ekolojik anlamda dayan\u0131kl\u0131 bir g\u0131da sistemi i\u00e7in \u00e7al\u0131\u015f\u0131yoruz. Bu\u011fday Ekolojik Ya\u015fam\u0131 Destekleme Derne\u011fi olarak, afetlere ve krizlere dayan\u0131kl\u0131 bir \u00fcretim modeli olu\u015fturmak \u00fczere iki y\u0131l \u00f6nce ba\u015flatt\u0131\u011f\u0131m\u0131z Hatay\u2019da Tar\u0131msal \u00dcretimde Onar\u0131c\u0131 D\u00f6n\u00fc\u015f\u00fcm projesine&#8230;<\/p>\n","protected":false},"author":9,"featured_media":299791,"comment_status":"open","ping_status":"open","sticky":false,"template":"","format":"standard","meta":{"footnotes":""},"categories":[804,336,781,1,1462],"tags":[537,1271,1527,1436,545],"_links":{"self":[{"href":"https:\/\/www.bugday.org\/blog\/wp-json\/wp\/v2\/posts\/299790"}],"collection":[{"href":"https:\/\/www.bugday.org\/blog\/wp-json\/wp\/v2\/posts"}],"about":[{"href":"https:\/\/www.bugday.org\/blog\/wp-json\/wp\/v2\/types\/post"}],"author":[{"embeddable":true,"href":"https:\/\/www.bugday.org\/blog\/wp-json\/wp\/v2\/users\/9"}],"replies":[{"embeddable":true,"href":"https:\/\/www.bugday.org\/blog\/wp-json\/wp\/v2\/comments?post=299790"}],"version-history":[{"count":3,"href":"https:\/\/www.bugday.org\/blog\/wp-json\/wp\/v2\/posts\/299790\/revisions"}],"predecessor-version":[{"id":300243,"href":"https:\/\/www.bugday.org\/blog\/wp-json\/wp\/v2\/posts\/299790\/revisions\/300243"}],"wp:featuredmedia":[{"embeddable":true,"href":"https:\/\/www.bugday.org\/blog\/wp-json\/wp\/v2\/media\/299791"}],"wp:attachment":[{"href":"https:\/\/www.bugday.org\/blog\/wp-json\/wp\/v2\/media?parent=299790"}],"wp:term":[{"taxonomy":"category","embeddable":true,"href":"https:\/\/www.bugday.org\/blog\/wp-json\/wp\/v2\/categories?post=299790"},{"taxonomy":"post_tag","embeddable":true,"href":"https:\/\/www.bugday.org\/blog\/wp-json\/wp\/v2\/tags?post=299790"}],"curies":[{"name":"wp","href":"https:\/\/api.w.org\/{rel}","templated":true}]}}