{"id":298147,"date":"2024-04-30T20:04:04","date_gmt":"2024-04-30T17:04:04","guid":{"rendered":"https:\/\/www.bugday.org\/blog\/?p=298147"},"modified":"2024-04-30T20:04:05","modified_gmt":"2024-04-30T17:04:05","slug":"bugday-dernegi-10-olagan-genel-kurulu-toplandi","status":"publish","type":"post","link":"https:\/\/www.bugday.org\/blog\/bugday-dernegi-10-olagan-genel-kurulu-toplandi\/","title":{"rendered":"Bu\u011fday Derne\u011fi 10. Ola\u011fan Genel Kurulu Topland\u0131"},"content":{"rendered":"\n<p><strong>Bu\u011fday Ekolojik Ya\u015fam\u0131 Destekleme Derne\u011fi\u2019nin 10. Ola\u011fan Genel Kurul toplant\u0131s\u0131, 28 Nisan 2024 Pazar g\u00fcn\u00fc \u015ei\u015fli Belediyesi N\u00e2z\u0131m Hikmet K\u00fclt\u00fcr ve Sanat Evi\u2019nde ger\u00e7ekle\u015fti.<\/strong><\/p>\n\n\n\n<p>Bu\u011fday Derne\u011fi Genel Kurulu, Y\u00f6netim Kurulu Ba\u015fkan\u0131 Leyla Aslan\u2019\u0131n a\u00e7\u0131l\u0131\u015f konu\u015fmas\u0131 ve Bu\u011fday Hareketi\u2019nin kurucusu ve vizyoneri Victor Ananias\u2019\u0131n an\u0131lmas\u0131 ile ba\u015flad\u0131.<\/p>\n\n\n\n<p>Dernek Genel M\u00fcd\u00fcr\u00fc Batur \u015eehirlio\u011flu\u2019nun Divan Ba\u015fkanl\u0131\u011f\u0131\u2019n\u0131 y\u00fcr\u00fctt\u00fc\u011f\u00fc toplant\u0131da, g\u00fcndem ba\u015fl\u0131klar\u0131 g\u00f6r\u00fc\u015f\u00fclerek karara ba\u011fland\u0131. 2024-2027 d\u00f6nemi yeni Y\u00f6netim ve Denetim Kurulu \u00fcyeleri se\u00e7ildi.\u00a0<\/p>\n\n\n\n<p>Y\u00f6netim Kurulu\u2019na Salim Kad\u0131be\u015fegil, Zeynep Bilgi Bulu\u015f, Atiye Yonca Demir, Bora Sar\u0131, Leyla Aslan asli; Emre Karabacak, Arda Moltay, Batur \u015eehirlio\u011flu, Nurhayat Bayturan, Ay\u015fen Ergene\u00a0yedek \u00fcye olarak se\u00e7ildi. Denetim Kurulu\u2019na ise Yasin Sancak, Deniz Din\u00e7el, Murat Demirta\u015f asli; Pembe Albayrak Em\u00fcl, Esin Pamuk, Nazey Erdilek yedek \u00fcye olarak se\u00e7ildi.<\/p>\n\n\n\n<p>Bu\u011fday Derne\u011fi, kuruldu\u011fu 2002 y\u0131l\u0131ndan bu yana, \u00fcyelerinden ald\u0131\u011f\u0131 g\u00fc\u00e7 ile ekolojik ya\u015fam bilgisini ve deneyimini yayg\u0131nla\u015ft\u0131rmaya, ekolojik \u00fcretim ve t\u00fcretim modelleri olu\u015fturmaya ve var olan \u00f6rneklere destek olmaya devam ediyor.<\/p>\n\n\n\n<p><br><\/p>\n","protected":false},"excerpt":{"rendered":"<p>Bu\u011fday Ekolojik Ya\u015fam\u0131 Destekleme Derne\u011fi\u2019nin 10. Ola\u011fan Genel Kurul toplant\u0131s\u0131, 28 Nisan 2024 Pazar g\u00fcn\u00fc \u015ei\u015fli Belediyesi N\u00e2z\u0131m Hikmet K\u00fclt\u00fcr ve Sanat Evi\u2019nde ger\u00e7ekle\u015fti. Bu\u011fday Derne\u011fi Genel Kurulu, Y\u00f6netim Kurulu Ba\u015fkan\u0131 Leyla Aslan\u2019\u0131n a\u00e7\u0131l\u0131\u015f konu\u015fmas\u0131&#8230;<\/p>\n","protected":false},"author":8,"featured_media":298148,"comment_status":"open","ping_status":"open","sticky":false,"template":"","format":"standard","meta":{"footnotes":""},"categories":[804,1,3],"tags":[160,704,8,248],"_links":{"self":[{"href":"https:\/\/www.bugday.org\/blog\/wp-json\/wp\/v2\/posts\/298147"}],"collection":[{"href":"https:\/\/www.bugday.org\/blog\/wp-json\/wp\/v2\/posts"}],"about":[{"href":"https:\/\/www.bugday.org\/blog\/wp-json\/wp\/v2\/types\/post"}],"author":[{"embeddable":true,"href":"https:\/\/www.bugday.org\/blog\/wp-json\/wp\/v2\/users\/8"}],"replies":[{"embeddable":true,"href":"https:\/\/www.bugday.org\/blog\/wp-json\/wp\/v2\/comments?post=298147"}],"version-history":[{"count":2,"href":"https:\/\/www.bugday.org\/blog\/wp-json\/wp\/v2\/posts\/298147\/revisions"}],"predecessor-version":[{"id":298150,"href":"https:\/\/www.bugday.org\/blog\/wp-json\/wp\/v2\/posts\/298147\/revisions\/298150"}],"wp:featuredmedia":[{"embeddable":true,"href":"https:\/\/www.bugday.org\/blog\/wp-json\/wp\/v2\/media\/298148"}],"wp:attachment":[{"href":"https:\/\/www.bugday.org\/blog\/wp-json\/wp\/v2\/media?parent=298147"}],"wp:term":[{"taxonomy":"category","embeddable":true,"href":"https:\/\/www.bugday.org\/blog\/wp-json\/wp\/v2\/categories?post=298147"},{"taxonomy":"post_tag","embeddable":true,"href":"https:\/\/www.bugday.org\/blog\/wp-json\/wp\/v2\/tags?post=298147"}],"curies":[{"name":"wp","href":"https:\/\/api.w.org\/{rel}","templated":true}]}}