{"id":297819,"date":"2023-12-21T14:15:10","date_gmt":"2023-12-21T11:15:10","guid":{"rendered":"https:\/\/www.bugday.org\/blog\/?p=297819"},"modified":"2023-12-21T14:03:16","modified_gmt":"2023-12-21T11:03:16","slug":"bugday-e-derginin-12-sayisi-cikti","status":"publish","type":"post","link":"https:\/\/www.bugday.org\/blog\/bugday-e-derginin-12-sayisi-cikti\/","title":{"rendered":"Bu\u011fday E-Dergi&#8217;nin 12. say\u0131s\u0131 \u00e7\u0131kt\u0131"},"content":{"rendered":"\n<p><strong>Ge\u00e7mi\u015ften Gelece\u011fe Ekolojik Ya\u015fam Hareketi <\/strong><\/p>\n\n\n\n<p><strong>Bu\u011fday Derne\u011fi\u2019nin dijital ortamda yay\u0131nlad\u0131\u011f\u0131 Bu\u011fday E-Dergi\u2019nin on ikinci say\u0131s\u0131 21 Aral\u0131k, k\u0131\u015f g\u00fcnd\u00f6n\u00fcm\u00fcnde okurlar\u0131yla bulu\u015ftu. Yeni say\u0131n\u0131n kapak konusu: Ge\u00e7mi\u015ften Gelece\u011fe Ekolojik Ya\u015fam Hareketi.<\/strong><br><\/p>\n\n\n\n<p>Bu\u011fday E-Dergi, ekolojik d\u00f6n\u00fc\u015f\u00fcme ihtiya\u00e7 duyanlar\u0131n bu konuda bilgilenirken, bir yandan da bu yolda y\u00fcr\u00fct\u00fclen \u00e7al\u0131\u015fmalara katk\u0131 sa\u011flayabilmesi amac\u0131yla yay\u0131n hayat\u0131na devam ediyor. Destek\u00e7ilik sistemi ile Bu\u011fday E-Dergi\u2019ye abone olanlar, hem Bu\u011fday Derne\u011fi\u2019nin proje ve \u00e7al\u0131\u015fmalar\u0131na destek oluyor hem de 21 y\u0131ld\u0131r ekolojik d\u00f6n\u00fc\u015f\u00fcm i\u00e7in yap\u0131lan \u00e7al\u0131\u015fmalar\u0131n bir par\u00e7as\u0131 oluyor.<\/p>\n\n\n\n<p>Bu\u011fday Derne\u011fi olarak 21. y\u0131l\u0131m\u0131z\u0131 geride b\u0131rak\u0131rken, Bu\u011fday E-Dergi\u2019nin k\u0131\u015f say\u0131s\u0131nda&nbsp; Ge\u00e7mi\u015ften Gelece\u011fe Ekolojik Ya\u015fam Hareketi ile ilgili de\u011ferlendirmeleri okuyacak, k\u0131rsalda do\u011fayla uyumlu bir ya\u015fam s\u00fcrenlerin deneyimlerinden \u015fehirde ekolojik ya\u015fam konusunda tecr\u00fcbelerini payla\u015fanlar\u0131n hikayelerine kadar ekolojik ya\u015fam\u0131n farkl\u0131 patikalar\u0131nda bir yolculu\u011fa \u00e7\u0131kacaks\u0131n\u0131z. , Derginin d\u00fcnyadan ve Bu\u011fday\u2019dan haberler, damaktaki tarih, ekopano, ilham veren kitaplar ba\u015fl\u0131klar\u0131nda beslenmeden ekoaktivizme uzanan bir yelpazede zengin bir i\u00e7erik sizi bekliyor.<\/p>\n\n\n\n<div class=\"wp-block-image\"><figure class=\"aligncenter is-resized\"><img loading=\"lazy\" decoding=\"async\" src=\"https:\/\/www.bugday.org\/blog\/wp-content\/uploads\/2023\/12\/BugdayEdergi_12_Kis2023_kapak_page-0001-1-725x1024.jpg\" alt=\"\" class=\"wp-image-297821\" width=\"376\" height=\"531\" srcset=\"https:\/\/www.bugday.org\/blog\/wp-content\/uploads\/2023\/12\/BugdayEdergi_12_Kis2023_kapak_page-0001-1-725x1024.jpg 725w, https:\/\/www.bugday.org\/blog\/wp-content\/uploads\/2023\/12\/BugdayEdergi_12_Kis2023_kapak_page-0001-1-212x300.jpg 212w, https:\/\/www.bugday.org\/blog\/wp-content\/uploads\/2023\/12\/BugdayEdergi_12_Kis2023_kapak_page-0001-1-768x1085.jpg 768w, https:\/\/www.bugday.org\/blog\/wp-content\/uploads\/2023\/12\/BugdayEdergi_12_Kis2023_kapak_page-0001-1.jpg 1241w\" sizes=\"(max-width: 376px) 100vw, 376px\" \/><\/figure><\/div>\n\n\n\n<p>Bu\u011fday E-Dergi\u2019ye abone olarak hem do\u011fa dostu ya\u015fam\u0131n g\u00fcndemini takip edebilir hem bu konudaki deneyimler hakk\u0131nda bilgi edinebilir hem de Bu\u011fday Derne\u011fi\u2019nin ekolojik ya\u015fam\u0131 yayg\u0131nla\u015ft\u0131rma \u00e7al\u0131\u015fmalar\u0131n\u0131n par\u00e7as\u0131 olabilirsiniz.<\/p>\n\n\n\n<p>Bu\u011fday E-Dergi, ekolojik ya\u015fam bilgisine ula\u015fmak isteyenlerin katk\u0131lar\u0131yla k\u00f6k sal\u0131yor.&nbsp;<\/p>\n\n\n\n<p>Abone olmak i\u00e7in <a href=\"https:\/\/www.bugday.org\/blog\/\">www.bugday.org <\/a>sayfas\u0131n\u0131 ziyaret edebilirsiniz.<br><\/p>\n\n\n\n<p><br><\/p>\n\n\n\n<p><br><\/p>\n\n\n\n<p><br><\/p>\n","protected":false},"excerpt":{"rendered":"<p>Ge\u00e7mi\u015ften Gelece\u011fe Ekolojik Ya\u015fam Hareketi Bu\u011fday Derne\u011fi\u2019nin dijital ortamda yay\u0131nlad\u0131\u011f\u0131 Bu\u011fday E-Dergi\u2019nin on ikinci say\u0131s\u0131 21 Aral\u0131k, k\u0131\u015f g\u00fcnd\u00f6n\u00fcm\u00fcnde okurlar\u0131yla bulu\u015ftu. Yeni say\u0131n\u0131n kapak konusu: Ge\u00e7mi\u015ften Gelece\u011fe Ekolojik Ya\u015fam Hareketi. Bu\u011fday E-Dergi, ekolojik d\u00f6n\u00fc\u015f\u00fcme ihtiya\u00e7&#8230;<\/p>\n","protected":false},"author":8,"featured_media":297820,"comment_status":"open","ping_status":"open","sticky":false,"template":"","format":"standard","meta":{"footnotes":""},"categories":[804,336,800],"tags":[846,988,274,704,102,8],"_links":{"self":[{"href":"https:\/\/www.bugday.org\/blog\/wp-json\/wp\/v2\/posts\/297819"}],"collection":[{"href":"https:\/\/www.bugday.org\/blog\/wp-json\/wp\/v2\/posts"}],"about":[{"href":"https:\/\/www.bugday.org\/blog\/wp-json\/wp\/v2\/types\/post"}],"author":[{"embeddable":true,"href":"https:\/\/www.bugday.org\/blog\/wp-json\/wp\/v2\/users\/8"}],"replies":[{"embeddable":true,"href":"https:\/\/www.bugday.org\/blog\/wp-json\/wp\/v2\/comments?post=297819"}],"version-history":[{"count":4,"href":"https:\/\/www.bugday.org\/blog\/wp-json\/wp\/v2\/posts\/297819\/revisions"}],"predecessor-version":[{"id":297826,"href":"https:\/\/www.bugday.org\/blog\/wp-json\/wp\/v2\/posts\/297819\/revisions\/297826"}],"wp:featuredmedia":[{"embeddable":true,"href":"https:\/\/www.bugday.org\/blog\/wp-json\/wp\/v2\/media\/297820"}],"wp:attachment":[{"href":"https:\/\/www.bugday.org\/blog\/wp-json\/wp\/v2\/media?parent=297819"}],"wp:term":[{"taxonomy":"category","embeddable":true,"href":"https:\/\/www.bugday.org\/blog\/wp-json\/wp\/v2\/categories?post=297819"},{"taxonomy":"post_tag","embeddable":true,"href":"https:\/\/www.bugday.org\/blog\/wp-json\/wp\/v2\/tags?post=297819"}],"curies":[{"name":"wp","href":"https:\/\/api.w.org\/{rel}","templated":true}]}}