{"id":287,"date":"2015-12-15T14:14:07","date_gmt":"2015-12-15T12:14:07","guid":{"rendered":"http:\/\/www.bugday.org\/blog\/?p=287"},"modified":"2015-12-15T14:18:43","modified_gmt":"2015-12-15T12:18:43","slug":"umut-ve-cesaret-bulasicidir","status":"publish","type":"post","link":"https:\/\/www.bugday.org\/blog\/umut-ve-cesaret-bulasicidir\/","title":{"rendered":"Umut ve Cesaret Bula\u015f\u0131c\u0131d\u0131r"},"content":{"rendered":"<p>Bu\u011fday\u2019\u0131n \u201c<strong>\u0130yi \u015eeyler Yapan G\u00fczel \u0130nsanlar<\/strong>\u201d Konferans\u0131, 19 Aral\u0131k, saat 9:30-17:00 aras\u0131nda, Kadir Has \u00dcniversitesi, Cibali Kamp\u00fcs\u00fc\u2019nde&#8230;<\/p>\n<p>Umut, bug\u00fcn belki de en \u00e7ok ihtiyac\u0131m\u0131z olan \u015fey. Hepinizi, umudu \u00e7o\u011faltmak\u00a0i\u00e7in iyi \u015feyler yapan g\u00fczel insanlarla tan\u0131\u015fmaya, bulu\u015fmaya davet ediyoruz.<\/p>\n<p>\u00d6nlerine \u00e7\u0131kan ana yolun d\u0131\u015f\u0131na \u00e7\u0131kmaya ve kendi patikalar\u0131n\u0131 bulmaya ad\u0131m\u00a0atm\u0131\u015f 10 g\u00fczel insan, 19 Aral\u0131k\u2019ta bizimle hikayelerini payla\u015facak.<\/p>\n<p>Konferans \u00fccretsiz. Ancak kay\u0131tlar dolmak \u00fczere. L\u00fctfen gelmek i\u00e7in elinizi \u00e7abuk tutun. <a href=\"https:\/\/docs.google.com\/forms\/d\/1b-jA4nkcFfFnUXflCYk30j6h0xz3vcCGjwvqkX4tOgY\/viewform\">Buradan<\/a> kay\u0131t yapt\u0131rabilirsiniz. Gelemeyecekler i\u00e7in g\u00fczel haber: Konferans videoya \u00e7ekilecek. Bu\u011fday Derne\u011fi&#8217;nin You Tube hesab\u0131n\u0131 takip ederseniz, \u00f6n\u00fcm\u00fczdeki g\u00fcnlerde konferans\u0131n kayd\u0131n\u0131 izleyebilirsiniz.<\/p>\n<p>\u0130\u015fte, Konferansta konu\u015fma yapacak, iyi \u015feyler yapan g\u00fczel insanlar;<\/p>\n<p>* <strong>F\u0131r\u0131n\u0131mdan Ekmekler<\/strong> &#8211; \u0130ki \u00e7ocuklu ev babas\u0131. Atal\u0131k tohumlardan\u00a0\u00fcretilmi\u015f, ekolojik \u00fcr\u00fcnlerle ve kendi haz\u0131rlad\u0131\u011f\u0131 ek\u015fi mayayla yapt\u0131\u011f\u0131\u00a0ekmekleri, y\u00fcr\u00fcyerek ve g\u00fcl\u00fcmseyerek da\u011f\u0131t\u0131yor.<\/p>\n<p>* <strong>Bisikletli Sahaf<\/strong> &#8211; Be\u015f kuru\u015fsuz bisikletle Avrupa&#8217;y\u0131 dola\u015fan iki gen\u00e7.\u00a0Bisikletle tohum ve kitap da\u011f\u0131tmaya ve iyilik sa\u00e7maya devam ediyorlar.<\/p>\n<p>* <strong>Lisinia \u00c7iftli\u011fi<\/strong> &#8211; Burdur&#8217;da &#8220;Yaban Hayvanlar\u0131 Rehabilitasyon Merkezi&#8221;\u00a0kurup yaral\u0131 hayvanlar\u0131 tedavi eden, hayvanlar tar\u0131m ila\u00e7lar\u0131yla\u00a0zehirlenmesin diye g\u00f6l havzas\u0131nda ekolojik lavanta \u00fcretimine ba\u015flayan\u00a0veteriner.<\/p>\n<p>* <strong>Ormanevi<\/strong> &#8211; \u015eehir k\u00f6kenli \u00e7oban. D\u00fcnyay\u0131 de\u011fi\u015ftiriyor.<\/p>\n<p>* <strong>Tohumdan Sofraya<\/strong> \u2013 Bakt\u0131lar k\u00f6yl\u00fc \u00fcretti\u011fi temiz g\u0131day\u0131 satam\u0131yor, \u015fehirli\u00a0de temiz g\u0131daya ula\u015fam\u0131yor. Tas\u0131 tara\u011f\u0131 toplay\u0131p k\u0131rsala yerle\u015fip bu k\u0131s\u0131r \u00a0d\u00f6ng\u00fcy\u00fc k\u0131rmak i\u00e7in \u00e7al\u0131\u015fmaya ba\u015flayan \u00e7ift.<\/p>\n<p>* <strong>Bisiklet Kurye<\/strong>: S\u0131k\u0131\u015f\u0131k \u0130stanbul trafi\u011finde, bisiklet \u00fcst\u00fcnde, s\u0131f\u0131r fosil\u00a0yak\u0131tla kurye ta\u015f\u0131yan, bisiklet cambazlar\u0131.<\/p>\n<p>* <strong>S\u00fcrd\u00fcr\u00fclebilir Ya\u015fam Film Festivali<\/strong>: \u00c7\u00fcnk\u00fc bazen bir film, bin s\u00f6zden\u00a0daha etkili.<\/p>\n<p>* <strong>Makarna L\u00fctfen!<\/strong>: Sebze sevmeyen kocas\u0131 ve \u00e7ocu\u011funa sebze yedirebilmek\u00a0i\u00e7in evde yapt\u0131\u011f\u0131 makarnan\u0131n i\u00e7ine karnabahar koymaktan, organik\u00a0sertifikal\u0131 bir markaya d\u00f6n\u00fc\u015f\u00fcm hikayesi.<\/p>\n<p>* <strong>K\u0131r \u00c7ocuklar\u0131<\/strong>: \u00c7ekirdek bir aile; \u00f6\u011fretim g\u00f6revlisi bir adam,\u00a0mimar bir kad\u0131n, iki \u00e7ocuk. Herkesin konu\u015fup cesaret edemedi\u011fi\u00a0\u015feyi yapar, \u015fehirden\u00a0k\u00f6ye ta\u015f\u0131n\u0131rlar. \u015eehirlinin bilgisi, k\u00f6yl\u00fcn\u00fcn eme\u011fiyle bir araya gelir. Ve masal ba\u015flar&#8230;<\/p>\n<p>* <strong>Permakamp<\/strong>: G\u0131da \u00fcreten ortak ya\u015fam alanlar\u0131 yapanlar. \u00c7ocuklar (ve\u00a0b\u00fcy\u00fckler) topra\u011fa dokunsun, havucun a\u011fa\u00e7ta yeti\u015fmedi\u011fini g\u00f6rs\u00fcn diye.\u00a0AVM\u2019de de\u011fil, do\u011fada oynas\u0131n diye.<\/p>\n<p>Sivil D\u00fc\u015f\u00fcn AB Program\u0131 taraf\u0131ndan desteklenen, Barilla ve G\u00fcrsel Tonbul\u2019un\u00a0organizasyonuna katk\u0131da bulundu\u011fu \u2018\u0130yi \u015eeyler Yapan G\u00fczel \u0130nsanlar\u2019 Konferans\u0131,\u00a0g\u00fcn\u00fcm\u00fcz\u00fcn temel sorunlar\u0131 olan ekolojik bozulma, do\u011fan\u0131n ve t\u00fcrlerin yok\u00a0olmas\u0131, sa\u011fl\u0131ks\u0131z g\u0131da \u00fcretimi, enerji krizi, ekonomik ve sosyal krizler ve\u00a0s\u00fcrd\u00fcr\u00fclebilir olmayan \u00fcretim\/t\u00fcketim d\u00f6ng\u00fclerini ele alarak kal\u0131c\u0131, yenilik\u00e7i\u00a0\u00e7\u00f6z\u00fcmler sunan \u201cekolojik sosyal giri\u015fimcilik\u201d \u00f6rneklerini g\u00f6r\u00fcn\u00fcr k\u0131lmay\u0131\u00a0hedefliyor. \u00d6zellikle gen\u00e7lere ilham vermek, etraf\u0131m\u0131z\u0131 gitgide daha fazla saran\u00a0olumsuzluklar yerine yap\u0131lan iyi \u015feyleri, bu iyi \u015feyleri yapan g\u00fczel insanlar\u0131\u00a0ortaya \u00e7\u0131karmak, bu insanlar\u0131 ve bu insanlardan \u00f6\u011frenecek \u015feyleri olanlar\u0131 bir\u00a0araya getirmek, bireylerin tek ba\u015flar\u0131na da bir fark yaratabilece\u011fini g\u00f6stermek\u00a0i\u00e7in d\u00fczenlenen konferans yeni ekolojik sosyal giri\u015fimlerle tan\u0131\u015fmak i\u00e7in de bir\u00a0f\u0131rsat.<\/p>\n<p><strong>Tarih: <\/strong>19 Aral\u0131k Cumartesi 2015<\/p>\n<p><strong>Saat:<\/strong> 9:30-17:00<\/p>\n<p><strong>Yer:<\/strong> Kadir Has \u00dcniversitesi, Cibali Kamp\u00fcs\u00fc (Ula\u015f\u0131m i\u00e7in <a href=\"http:\/\/www.khas.edu.tr\/2596\/cibali-kampusu-ulasim\">buraya<\/a> bakabilirsiniz)<\/p>\n","protected":false},"excerpt":{"rendered":"<p>Bu\u011fday\u2019\u0131n \u201c\u0130yi \u015eeyler Yapan G\u00fczel \u0130nsanlar\u201d Konferans\u0131, 19 Aral\u0131k, saat 9:30-17:00 aras\u0131nda, Kadir Has \u00dcniversitesi, Cibali Kamp\u00fcs\u00fc\u2019nde&#8230; Umut, bug\u00fcn belki de en \u00e7ok ihtiyac\u0131m\u0131z olan \u015fey. Hepinizi, umudu \u00e7o\u011faltmak\u00a0i\u00e7in iyi \u015feyler yapan g\u00fczel insanlarla tan\u0131\u015fmaya,&#8230;<\/p>\n","protected":false},"author":1,"featured_media":288,"comment_status":"open","ping_status":"open","sticky":false,"template":"","format":"standard","meta":{"footnotes":""},"categories":[1,18],"tags":[],"_links":{"self":[{"href":"https:\/\/www.bugday.org\/blog\/wp-json\/wp\/v2\/posts\/287"}],"collection":[{"href":"https:\/\/www.bugday.org\/blog\/wp-json\/wp\/v2\/posts"}],"about":[{"href":"https:\/\/www.bugday.org\/blog\/wp-json\/wp\/v2\/types\/post"}],"author":[{"embeddable":true,"href":"https:\/\/www.bugday.org\/blog\/wp-json\/wp\/v2\/users\/1"}],"replies":[{"embeddable":true,"href":"https:\/\/www.bugday.org\/blog\/wp-json\/wp\/v2\/comments?post=287"}],"version-history":[{"count":2,"href":"https:\/\/www.bugday.org\/blog\/wp-json\/wp\/v2\/posts\/287\/revisions"}],"predecessor-version":[{"id":292,"href":"https:\/\/www.bugday.org\/blog\/wp-json\/wp\/v2\/posts\/287\/revisions\/292"}],"wp:featuredmedia":[{"embeddable":true,"href":"https:\/\/www.bugday.org\/blog\/wp-json\/wp\/v2\/media\/288"}],"wp:attachment":[{"href":"https:\/\/www.bugday.org\/blog\/wp-json\/wp\/v2\/media?parent=287"}],"wp:term":[{"taxonomy":"category","embeddable":true,"href":"https:\/\/www.bugday.org\/blog\/wp-json\/wp\/v2\/categories?post=287"},{"taxonomy":"post_tag","embeddable":true,"href":"https:\/\/www.bugday.org\/blog\/wp-json\/wp\/v2\/tags?post=287"}],"curies":[{"name":"wp","href":"https:\/\/api.w.org\/{rel}","templated":true}]}}