{"id":285121,"date":"2022-04-15T00:00:03","date_gmt":"2022-04-14T21:00:03","guid":{"rendered":"https:\/\/www.bugday.org\/blog\/?p=285121"},"modified":"2022-11-24T20:56:49","modified_gmt":"2022-11-24T17:56:49","slug":"bugday-hareketinin-ozu","status":"publish","type":"post","link":"https:\/\/www.bugday.org\/blog\/bugday-hareketinin-ozu\/","title":{"rendered":"Bu\u011fday Hareketi\u2019nin \u00f6z\u00fc"},"content":{"rendered":"\n<p><strong>\u201cBu\u011fday Derne\u011fi\u2019nin 20., Bu\u011fday Hareketi<\/strong>\u2019<strong>nin 32. ya\u015f\u0131n\u0131 kutluyoruz bu y\u0131l. Bu\u011fday, ya\u015famlar\u0131m\u0131zdaki pek \u00e7ok kavram\u0131n atas\u0131n\u0131, hakikatin hayalini kurmu\u015f ve hayalleri ger\u00e7eklemi\u015f olan bir topluluk. Bu\u011fdaygiller, \u2018Biz yapal\u0131m, par\u00e7as\u0131 olan mutlaka olur.\u2019 diyerek imk\u00e2ns\u0131z\u0131 m\u00fcmk\u00fcn k\u0131lmaya devam ediyor.\u201d<\/strong><\/p>\n\n\n\n<blockquote class=\"wp-block-quote\"><p><strong><em>Yaz\u0131: <\/em><\/strong><em>G\u00fcne\u015fin Aydemir \u2013 Bu\u011fday Derne\u011fi Strateji Kurulu \u00dcyesi<\/em> <\/p><\/blockquote>\n\n\n\n<p>Bu\u011fday Hareketi\u2019nin hik\u00e2yesi masals\u0131d\u0131r. Masal dili yak\u0131\u015f\u0131r onu anlatmaya. Biz de anlatal\u0131m o vakit. <\/p>\n\n\n\n<p>Bir vakitler Victor (ki b\u00fcy\u00fckleri ona Vitito derlerdi) ad\u0131nda bir \u00e7ocuk varm\u0131\u015f. Bu \u00e7ocuk annesi ve babas\u0131yla Bodrum\u2019un Yal\u0131kavak K\u00f6y\u00fc&#8217;ne yerle\u015fmi\u015f (Ama bu \u00e7ok uzun bir hik\u00e2ye, ba\u015fka bir zaman\u0131n hik\u00e2yesi). Babas\u0131n\u0131n ad\u0131 da onunki gibi Victor imi\u015f. Vitito babas\u0131na \u201cTata\u201d dermi\u015f.<\/p>\n\n\n\n<p>Yal\u0131kavak k\u00f6ym\u00fc\u015f o zamanlar. Ama k\u00f6y gibi bir k\u00f6y, \u015fimdiki hali gibi de\u011fil. Bah\u00e7edeki f\u0131r\u0131nlar\u0131nda ekmekler pi\u015fen, da\u011flar\u0131nda inekler otlayan, tarlalar\u0131nda bu\u011fdaylar\u0131n ekildi\u011fi bir k\u00f6y. <\/p>\n\n\n\n<p>Tata, Vitito ve annesi bu k\u00f6ye gelmi\u015fler. Tata k\u00f6yl\u00fclerle hemen kayna\u015fm\u0131\u015f. \u00c7\u00fcnk\u00fc onlar\u0131n ya\u015famlar\u0131n\u0131 \u00f6\u011frenmek istiyor, merak ediyormu\u015f. Yal\u0131kavak tepelerinden birinde, ad\u0131na \u201c<strong>Tek De\u011firmen<\/strong>\u201d dedikleri yaln\u0131z bir de\u011firmen dururmu\u015f. <\/p>\n\n\n\n<p>Tata sormu\u015f: \u201cBu de\u011firmen neden \u00e7al\u0131\u015fmaz?\u201d K\u00f6yl\u00fcler demi\u015f, \u201cArt\u0131k elektrikli de\u011firmen var, ona g\u00f6t\u00fcr\u00fcyor herkes\u201d. Tata demi\u015f: \u201cBiz \u00e7al\u0131\u015ft\u0131rsak getirmezler mi?\u201d \u201cYok demi\u015fler, kimse getirmez!\u201d Tata demi\u015f: \u201cBiz \u00e7al\u0131\u015ft\u0131ral\u0131m bakal\u0131m, getiren \u00e7\u0131kar!\u201d <\/p>\n\n\n\n<p>Ve \u00e7al\u0131\u015ft\u0131rm\u0131\u015flar de\u011firmeni ve getirmi\u015f k\u00f6yl\u00fcler bu\u011fdaylar\u0131n\u0131. <\/p>\n\n\n\n<p>Gel zaman git zaman, de\u011firmendeki bu\u011fdaylar un olmu\u015f. Tata demi\u015f, \u201cBuralarda unutulmu\u015f bir ekmek var, peksimet. Pek de g\u00fczel tad\u0131 ve pek de yaray\u0131\u015fl\u0131. Yapsak alan olmaz m\u0131?\u201d K\u00f6yl\u00fcler g\u00fclm\u00fc\u015f, \u201cKimse yemez peksimeti, g\u00fczel beyaz ekmek varken.\u201d Tata d\u00fc\u015f\u00fcnm\u00fc\u015f, \u201cBiz yapal\u0131m, yiyen bulunur\u201d<\/p>\n\n\n\n<p>Ve bir f\u0131r\u0131n alm\u0131\u015flar Bodrum\u2019da. Peksimetler yapm\u0131\u015flar, peksimetleri Vitito ile sokak sokak dola\u015f\u0131p satm\u0131\u015flar. <\/p>\n\n\n\n<hr class=\"wp-block-separator\"\/>\n\n\n\n<div class=\"wp-block-image\"><figure class=\"aligncenter\"><img loading=\"lazy\" decoding=\"async\" width=\"762\" height=\"1024\" src=\"https:\/\/www.bugday.org\/blog\/wp-content\/uploads\/2022\/04\/HASAN-KORKMAZ-AR\u015e\u0130V\u0130-762x1024.jpeg\" alt=\"\" class=\"wp-image-285164\" srcset=\"https:\/\/www.bugday.org\/blog\/wp-content\/uploads\/2022\/04\/HASAN-KORKMAZ-AR\u015e\u0130V\u0130-762x1024.jpeg 762w, https:\/\/www.bugday.org\/blog\/wp-content\/uploads\/2022\/04\/HASAN-KORKMAZ-AR\u015e\u0130V\u0130-223x300.jpeg 223w, https:\/\/www.bugday.org\/blog\/wp-content\/uploads\/2022\/04\/HASAN-KORKMAZ-AR\u015e\u0130V\u0130-768x1032.jpeg 768w, https:\/\/www.bugday.org\/blog\/wp-content\/uploads\/2022\/04\/HASAN-KORKMAZ-AR\u015e\u0130V\u0130.jpeg 1061w\" sizes=\"(max-width: 762px) 100vw, 762px\" \/><figcaption><strong>Foto\u011fraf: <\/strong>Hasan Korkmaz<\/figcaption><\/figure><\/div>\n\n\n\n<p>Sonra Vitito b\u00fcy\u00fcm\u00fc\u015f, bizim Victor olmu\u015f. Nereye baksa k\u00f6yl\u00fcler terk ediyorlar k\u00f6yl\u00fcl\u00fcklerini. Gelece\u011fi g\u00f6rm\u00fc\u015f. \u201cAcaba ben k\u00f6yden \u00fcr\u00fcnleri al\u0131p pazarda bir tezg\u00e2h a\u00e7sam, gelenlere de hik\u00e2yelerini anlatsam, alan olur mu?\u201d demi\u015f. Bunu s\u00f6yledi\u011fi herkes \u201cNerde, kalmad\u0131 \u00f6yle al\u0131c\u0131.\u201d demi\u015f. Victor demi\u015f: \u201cBen a\u00e7ay\u0131m, alan bulunur.\u201d <\/p>\n\n\n\n<p>Ve a\u00e7m\u0131\u015f tezg\u00e2h\u0131. \u0130nsanlar gelip alm\u0131\u015flar, hem g\u0131dalar\u0131 hem bilgileri. <\/p>\n\n\n\n<p>Tezg\u00e2h haftada bir g\u00fcnm\u00fc\u015f. Ve asl\u0131nda Victor her g\u00fcn bir yer olsa demi\u015f i\u00e7inden. Bir d\u00fckk\u00e2n. Her g\u00fcn gelip alabilsin insanlar bunlar\u0131 ve sohbet edebilsinler. Arkada\u015flar\u0131na anlatm\u0131\u015f bu fikrini. \u201cYok, bu i\u015f tutmaz.\u201d demi\u015fler. Victor demi\u015f: \u201cBen a\u00e7ay\u0131m da, tutar belki.\u201d <\/p>\n\n\n\n<p>Ve a\u00e7m\u0131\u015f d\u00fckk\u00e2n\u0131. Ad\u0131n\u0131 \u201c<strong>Ba\u015fak Do\u011fal \u00dcr\u00fcnler D\u00fckk\u00e2n\u0131<\/strong>\u201d koymu\u015f, insanlar gelmi\u015fler. <\/p>\n\n\n\n<p>Sonra sadece \u00fcr\u00fcn satmak yetmiyor. \u0130nsanlar\u0131n bu \u00fcr\u00fcnleri do\u011fru \u015fekilde pi\u015firip tatmalar\u0131 da gerekiyor. \u201cEn iyisi ben bir restoran a\u00e7ay\u0131m, bunlar\u0131 orada insanlara tatt\u0131ray\u0131m.\u201d diyor Victor. Bunu duyanlar, \u201cBu i\u015f \u00e7ok az insana hitap eder, bu restoran \u00e7al\u0131\u015fmaz.\u201d demi\u015fler. <\/p>\n\n\n\n<p>Victor restoran\u0131 kurmu\u015f, ad\u0131n\u0131 da \u201c<strong>Bu\u011fday Vejetaryen Restoran<\/strong>\u201d koymu\u015f. Ve pek \u00e7ok insan yemek yemeye gelmi\u015f. Restoran \u00e7al\u0131\u015fm\u0131\u015f. <\/p>\n\n\n\n<p>Restorana gelenler hem yemek yiyor hem yemeklerin tariflerini istiyorlarm\u0131\u015f. O kadar \u00e7ok tarif etmi\u015f ki, sonunda \u201cEn iyisi ben buradaki tarifleri, yap\u0131p ettiklerimi ellerimle yazay\u0131m, \u00e7o\u011faltay\u0131m da insanlara da\u011f\u0131tay\u0131m.\u201d demi\u015f. <strong>Bu\u011fday Fanzin<\/strong> \u00e7\u0131km\u0131\u015f ortaya. <\/p>\n\n\n\n<p>Bir s\u00fcre sonra, \u201cPeki bir dergi \u00e7\u0131ksa, ekolojik ya\u015famla ilgili bilgileri yaysa, alan olur mu?\u201d \u0130nsanlar bir duralam\u0131\u015f, \u201cB\u00f6yle bir dergiyi alacak \u00e7\u0131kar m\u0131 ki?\u201d diye sormu\u015flar. Victor, \u201cBiz yapal\u0131m, muhakkak alan olur.\u201d <\/p>\n\n\n\n<p>Ve <strong>Bu\u011fday Ekolojik Ya\u015fam Dergisi<\/strong>\u2019ni basm\u0131\u015f arkada\u015flar\u0131yla. Onlara \u201cBu\u011fdaygil\u201d diyoruz. <\/p>\n\n\n\n<hr class=\"wp-block-separator\"\/>\n\n\n\n<div class=\"wp-block-image\"><figure class=\"aligncenter\"><img loading=\"lazy\" decoding=\"async\" width=\"1024\" height=\"1024\" src=\"https:\/\/www.bugday.org\/blog\/wp-content\/uploads\/2022\/04\/BU\u011eDAY-DERG\u0130S\u0130-AR\u015e\u0130V\u0130-1024x1024-1.jpg\" alt=\"\" class=\"wp-image-285153\" srcset=\"https:\/\/www.bugday.org\/blog\/wp-content\/uploads\/2022\/04\/BU\u011eDAY-DERG\u0130S\u0130-AR\u015e\u0130V\u0130-1024x1024-1.jpg 1024w, https:\/\/www.bugday.org\/blog\/wp-content\/uploads\/2022\/04\/BU\u011eDAY-DERG\u0130S\u0130-AR\u015e\u0130V\u0130-1024x1024-1-320x320.jpg 320w, https:\/\/www.bugday.org\/blog\/wp-content\/uploads\/2022\/04\/BU\u011eDAY-DERG\u0130S\u0130-AR\u015e\u0130V\u0130-1024x1024-1-300x300.jpg 300w, https:\/\/www.bugday.org\/blog\/wp-content\/uploads\/2022\/04\/BU\u011eDAY-DERG\u0130S\u0130-AR\u015e\u0130V\u0130-1024x1024-1-768x768.jpg 768w, https:\/\/www.bugday.org\/blog\/wp-content\/uploads\/2022\/04\/BU\u011eDAY-DERG\u0130S\u0130-AR\u015e\u0130V\u0130-1024x1024-1-60x60.jpg 60w\" sizes=\"(max-width: 1024px) 100vw, 1024px\" \/><\/figure><\/div>\n\n\n\n<p>Bu\u011fday Dergisi o kadar \u00e7ok yere ula\u015fm\u0131\u015f ki, s\u00f6z\u00fc \u00fclkenin d\u00f6rt bir yan\u0131na varm\u0131\u015f, hatta s\u0131n\u0131rlar\u0131 a\u015fm\u0131\u015f. Daha \u00e7ok insana ula\u015fmaya ba\u015flam\u0131\u015f. Victor ve onun arkada\u015flar\u0131, yani Bu\u011fdaygiller art\u0131k bir derginin \u00e7ok \u00f6tesinde i\u015flerle u\u011fra\u015fmaya ba\u015flam\u0131\u015f. <\/p>\n\n\n\n<p>Duruma bakm\u0131\u015flar ve demi\u015fler ki: \u201cDaha fazla insan\u0131n kat\u0131laca\u011f\u0131 bir yap\u0131, bir dernek mi kursak m\u0131? \u00dcye olan \u00e7\u0131kar m\u0131?\u201d Ve hemen ard\u0131ndan demi\u015fler: \u201cBiz kural\u0131m, \u00fcye olurlar.\u201d <\/p>\n\n\n\n<p>Ve <strong><a href=\"https:\/\/www.bugday.org\/blog\/bugday-ekolojik-yasami-destekleme-dernegi\/bugday-hareketinin-dunu-ve-bugunu\/\" target=\"_blank\" rel=\"noreferrer noopener\" aria-label=\"Bu\u011fday Ekolojik Ya\u015fam\u0131 Destekleme Derne\u011fi (yeni sekmede a\u00e7\u0131l\u0131r)\">Bu\u011fday Ekolojik Ya\u015fam\u0131 Destekleme Derne\u011fi<\/a><\/strong> kurulmu\u015f. \u0130nsanlar \u00fcye olmu\u015flar. <\/p>\n\n\n\n<p>Bu\u011fday Derne\u011fi\u2019ne yak\u0131n bir dost gelmi\u015f, \u201cBir bah\u00e7em var, burada bir \u015fey yapmak ister misiniz?\u201d Bu\u011fdaygiller, \u201cBiz yapal\u0131m, insanlar\u0131 da katal\u0131m.\u201d demi\u015fler. Sonra sormu\u015flar insanlara, \u201cBir bah\u00e7e yapsak ve orada yeti\u015fen \u00fcr\u00fcnleri payla\u015fsak, par\u00e7as\u0131 olur musunuz?\u201d Ve insanlar <a rel=\"noreferrer noopener\" aria-label=\"BAH\u00c7E (yeni sekmede a\u00e7\u0131l\u0131r)\" href=\"https:\/\/www.bugday.org\/blog\/istanbulta-bir-ekolojik-bahce-modeli\/\" target=\"_blank\"><strong>BAH\u00c7E<\/strong><\/a>\u2019ye kat\u0131lm\u0131\u015flar. <\/p>\n\n\n\n<hr class=\"wp-block-separator\"\/>\n\n\n\n<div class=\"wp-block-image\"><figure class=\"aligncenter\"><img loading=\"lazy\" decoding=\"async\" width=\"800\" height=\"450\" src=\"https:\/\/www.bugday.org\/blog\/wp-content\/uploads\/2022\/04\/B\u00dcLTEN-800-x-450-px.png\" alt=\"\" class=\"wp-image-285152\" srcset=\"https:\/\/www.bugday.org\/blog\/wp-content\/uploads\/2022\/04\/B\u00dcLTEN-800-x-450-px.png 800w, https:\/\/www.bugday.org\/blog\/wp-content\/uploads\/2022\/04\/B\u00dcLTEN-800-x-450-px-300x169.png 300w, https:\/\/www.bugday.org\/blog\/wp-content\/uploads\/2022\/04\/B\u00dcLTEN-800-x-450-px-768x432.png 768w\" sizes=\"(max-width: 800px) 100vw, 800px\" \/><figcaption><a rel=\"noreferrer noopener\" aria-label=\"BAH\u00c7E (yeni sekmede a\u00e7\u0131l\u0131r)\" href=\"https:\/\/www.bugday.org\/blog\/istanbulta-bir-ekolojik-bahce-modeli\/\" target=\"_blank\"><strong>BAH\u00c7E<\/strong><\/a><\/figcaption><\/figure><\/div>\n\n\n\n<p>Dernek pek \u00e7ok ekolojik \u00e7iftlik ile tan\u0131\u015f\u0131yormu\u015f. \u00dcretim bilmeyen ama \u00fcretilenlere ula\u015fmak isteyen t\u00fcketicilerle de tan\u0131\u015f\u0131yormu\u015f. Gitgide tan\u0131d\u0131\u011f\u0131 insanlar\u0131n say\u0131s\u0131 ve \u00e7e\u015fitlili\u011fi artm\u0131\u015f Bu\u011fdaygillerin. \u201cAcaba \u00e7iftlikleri ikna etsek, g\u00f6n\u00fcll\u00fc kabul etseler ve b\u00f6ylece k\u0131rsalla kent kavu\u015fsa, tan\u0131\u015fsa. B\u00f6yle bir proje yapsak destekleyen olur mu?\u201d demi\u015fler.<\/p>\n\n\n\n<p>Proje fonlar\u0131 b\u00f6ylesi bir fikir ile ilk defa kar\u015f\u0131la\u015ft\u0131\u011f\u0131ndan ne yapacaklar\u0131n\u0131 \u015fa\u015f\u0131rm\u0131\u015flar. Bu\u011fdaygiller demi\u015f, \u201cBiz yazal\u0131m, anlatal\u0131m, destekleyen bir fon \u00e7\u0131kar.\u201d <\/p>\n\n\n\n<p>Ve <a rel=\"noreferrer noopener\" aria-label=\"TaTuTa (yeni sekmede a\u00e7\u0131l\u0131r)\" href=\"https:\/\/wwoofturkey.org\/\" target=\"_blank\"><strong>TaTuTa<\/strong><\/a><strong> <\/strong>projesini yazm\u0131\u015flar. Fon desteklemi\u015f, \u00e7iftlikler kabul etmi\u015f ve insanlar g\u00f6n\u00fcll\u00fc olmu\u015flar. <\/p>\n\n\n\n<p>Bu\u011fday Derne\u011fi bir yanda t\u00fcketicilerle, bir yanda ilgili kurumlarla, bir yanda \u00fcreticilerle ileti\u015fime devam etmi\u015f. \u0130nsan ay\u0131rt etmeden herkese ula\u015fm\u0131\u015f. Sonunda bir de ne g\u00f6rs\u00fcn!? \u00dcreticinin \u00fcretti\u011fi ile t\u00fcketicinin talebi birle\u015femiyor. D\u00fc\u015f\u00fcnm\u00fc\u015f Bu\u011fdaygiller, \u201cBir pazar a\u00e7sak, \u00fcretici ile t\u00fcketici bir araya gelse, gelen olur mu?\u201d diye sormu\u015flar pek \u00e7ok ki\u015fiye. \u201cAte\u015ften g\u00f6mlek mi giyeceksiniz? Bu \u00fcr\u00fcnler \u00e7ok pahal\u0131, kimse almaz.\u201d demi\u015fler. Bu\u011fdaygiller demi\u015f, \u201cBiz a\u00e7al\u0131m, gelen olur mutlaka.\u201d <\/p>\n\n\n\n<p>Ve <a rel=\"noreferrer noopener\" aria-label=\"%100 Ekolojik Pazar (yeni sekmede a\u00e7\u0131l\u0131r)\" href=\"http:\/\/ekolojikpazarlar.org\/\" target=\"_blank\"><strong>%100 Ekolojik Pazar<\/strong><\/a>\u2019\u0131 kurmu\u015flar. Herkes gelmi\u015f. <\/p>\n\n\n\n<hr class=\"wp-block-separator\"\/>\n\n\n\n<div class=\"wp-block-image\"><figure class=\"aligncenter\"><img loading=\"lazy\" decoding=\"async\" width=\"1000\" height=\"522\" src=\"https:\/\/www.bugday.org\/blog\/wp-content\/uploads\/2022\/04\/victor-ananias-\u015fi\u015fli-1.png\" alt=\"\" class=\"wp-image-285155\" srcset=\"https:\/\/www.bugday.org\/blog\/wp-content\/uploads\/2022\/04\/victor-ananias-\u015fi\u015fli-1.png 1000w, https:\/\/www.bugday.org\/blog\/wp-content\/uploads\/2022\/04\/victor-ananias-\u015fi\u015fli-1-300x157.png 300w, https:\/\/www.bugday.org\/blog\/wp-content\/uploads\/2022\/04\/victor-ananias-\u015fi\u015fli-1-768x401.png 768w\" sizes=\"(max-width: 1000px) 100vw, 1000px\" \/><\/figure><\/div>\n\n\n\n<div class=\"wp-block-image\"><figure class=\"aligncenter\"><img loading=\"lazy\" decoding=\"async\" width=\"1024\" height=\"576\" src=\"https:\/\/www.bugday.org\/blog\/wp-content\/uploads\/2022\/04\/100-EKOLOJ\u0130K-PAZARLAR-2021-\u0130BB-1-1-1024x576-1024x576.png\" alt=\"\" class=\"wp-image-285159\" srcset=\"https:\/\/www.bugday.org\/blog\/wp-content\/uploads\/2022\/04\/100-EKOLOJ\u0130K-PAZARLAR-2021-\u0130BB-1-1-1024x576.png 1024w, https:\/\/www.bugday.org\/blog\/wp-content\/uploads\/2022\/04\/100-EKOLOJ\u0130K-PAZARLAR-2021-\u0130BB-1-1-1024x576-300x169.png 300w, https:\/\/www.bugday.org\/blog\/wp-content\/uploads\/2022\/04\/100-EKOLOJ\u0130K-PAZARLAR-2021-\u0130BB-1-1-1024x576-768x432.png 768w\" sizes=\"(max-width: 1024px) 100vw, 1024px\" \/><figcaption><a rel=\"noreferrer noopener\" aria-label=\"%100 Ekolojik Pazar (yeni sekmede a\u00e7\u0131l\u0131r)\" href=\"http:\/\/ekolojikpazarlar.org\/\" target=\"_blank\"><strong>%100 Ekolojik Pazarlar<\/strong><\/a><\/figcaption><\/figure><\/div>\n\n\n\n<p>Masal\u0131m\u0131za burada bir es verelim. Zira masal uzun,\nyaz\u0131lmaya, anlat\u0131lmaya devam ediyor. Zaten masal bu kadar da de\u011fil. Pek \u00e7ok\neksi\u011fi de var bu masal\u0131n. Ne kadar anlatsak eksik kal\u0131r. Eksi\u011fimize eksik\nkatmadan dural\u0131m burada. <\/p>\n\n\n\n<p>Bu\u011fday Derne\u011fi\u2019nin 20., Bu\u011fday Hareketi\u2019nin 32. ya\u015f\u0131n\u0131 kutluyoruz bu y\u0131l. Ya\u015famlar\u0131m\u0131zdaki pek \u00e7ok kavram\u0131n atas\u0131n\u0131, hakikatin hayalini kurmu\u015f, hayalleri ger\u00e7eklemi\u015f olan bir topluluk bu Bu\u011fday dedikleri. Ba\u015far\u0131lar\u0131 oldu\u011fu kadar ba\u015far\u0131s\u0131zl\u0131klar\u0131yla da hem i\u00e7eriden hem de d\u0131\u015far\u0131dan insana dokunmaya devam ediyor. Bu\u011fdaygiller, \u201cBiz yapal\u0131m, par\u00e7as\u0131 olan olur mutlaka.\u201d diyerek imk\u00e2ns\u0131z\u0131 m\u00fcmk\u00fcn k\u0131lmaya devam ediyor. <\/p>\n\n\n\n<p>Hik\u00e2yedeki y\u0131lmazl\u0131k, hayalperestlik ile ger\u00e7ek\u00e7ili\u011fin birlikteli\u011fi ve \u00f6nceden bedelini \u00f6deyerek yapman\u0131n g\u00fcc\u00fcne dikkatimizi \u00e7ekmek isterim. \u0130lmek ilmek dokunmu\u015f bir a\u011f yap\u0131s\u0131, her ayr\u0131nt\u0131s\u0131na verilen b\u00fcy\u00fck bir \u00f6zen ve varolu\u015fun b\u00fct\u00fcn\u00fcne dikkattir Bu\u011fday Hareketi\u2019nin \u00f6z\u00fc. \u0130\u00e7 i\u015fleyi\u015finin sadece g\u00f6n\u00fcl insanlar\u0131n\u0131n adapte olabildi\u011fi, a\u015f\u0131r\u0131 kaotik ve tahmin edilemez bir d\u00fczeni vard\u0131r. T\u0131pk\u0131 do\u011fan\u0131n kendisi gibi, hem y\u0131prat\u0131c\u0131 hem yenileyici. Bu\u011fday; ayn\u0131 bir bu\u011fday tanesi gibi insan\u0131 \u00f6\u011f\u00fcten, d\u00f6n\u00fc\u015ft\u00fcren bir de\u011firmen. Sadece takip\u00e7ilerini de\u011fil, en \u00e7ok da i\u00e7inde emek verenlerini. <\/p>\n\n\n\n<p>Hep dedi\u011fimiz gibi, \u201cya\u015fam d\u00f6n\u00fc\u015f\u00fcmd\u00fcr\u201d ve elbette Bu\u011fday da emek veren her el ile d\u00f6n\u00fc\u015fmekte. <\/p>\n\n\n\n<p>Bir de ufak \u015fiir ekleyelim masal\u0131n sonuna: <\/p>\n\n\n\n<p><em>Bu\u011fday Hareketi, <\/em><\/p>\n\n\n\n<p><em>Nereye baksam <\/em><\/p>\n\n\n\n<p><em>G\u00f6r\u00fcr\u00fcm o yal\u0131n\nbereketi <\/em><\/p>\n\n\n\n<p>Bu\u011fday\u2019\u0131n\u0131z, Hareketiniz ve Bereketiniz Bol olsun! <\/p>\n\n\n\n<hr class=\"wp-block-separator\"\/>\n\n\n\n<blockquote class=\"instagram-media\" data-instgrm-permalink=\"https:\/\/www.instagram.com\/p\/ChJ2xRFq2qr\/?utm_source=ig_embed&amp;utm_campaign=loading\" data-instgrm-version=\"14\" style=\" background:#FFF; border:0; border-radius:3px; box-shadow:0 0 1px 0 rgba(0,0,0,0.5),0 1px 10px 0 rgba(0,0,0,0.15); margin: 1px; max-width:540px; min-width:326px; padding:0; width:99.375%; width:-webkit-calc(100% - 2px); width:calc(100% - 2px);\"><div style=\"padding:16px;\"> <a href=\"https:\/\/www.instagram.com\/p\/ChJ2xRFq2qr\/?utm_source=ig_embed&amp;utm_campaign=loading\" style=\" background:#FFFFFF; line-height:0; padding:0 0; text-align:center; text-decoration:none; width:100%;\" target=\"_blank\" rel=\"noopener noreferrer\"> <div style=\" display: flex; flex-direction: row; align-items: center;\"> <div style=\"background-color: #F4F4F4; border-radius: 50%; flex-grow: 0; height: 40px; margin-right: 14px; width: 40px;\"><\/div> <div style=\"display: flex; flex-direction: column; flex-grow: 1; justify-content: center;\"> <div style=\" background-color: #F4F4F4; border-radius: 4px; flex-grow: 0; height: 14px; margin-bottom: 6px; width: 100px;\"><\/div> <div style=\" background-color: #F4F4F4; border-radius: 4px; flex-grow: 0; height: 14px; width: 60px;\"><\/div><\/div><\/div><div style=\"padding: 19% 0;\"><\/div> <div style=\"display:block; height:50px; margin:0 auto 12px; width:50px;\"><svg width=\"50px\" height=\"50px\" viewBox=\"0 0 60 60\" version=\"1.1\" xmlns=\"https:\/\/www.w3.org\/2000\/svg\" xmlns:xlink=\"https:\/\/www.w3.org\/1999\/xlink\"><g stroke=\"none\" stroke-width=\"1\" fill=\"none\" fill-rule=\"evenodd\"><g transform=\"translate(-511.000000, -20.000000)\" fill=\"#000000\"><g><path d=\"M556.869,30.41 C554.814,30.41 553.148,32.076 553.148,34.131 C553.148,36.186 554.814,37.852 556.869,37.852 C558.924,37.852 560.59,36.186 560.59,34.131 C560.59,32.076 558.924,30.41 556.869,30.41 M541,60.657 C535.114,60.657 530.342,55.887 530.342,50 C530.342,44.114 535.114,39.342 541,39.342 C546.887,39.342 551.658,44.114 551.658,50 C551.658,55.887 546.887,60.657 541,60.657 M541,33.886 C532.1,33.886 524.886,41.1 524.886,50 C524.886,58.899 532.1,66.113 541,66.113 C549.9,66.113 557.115,58.899 557.115,50 C557.115,41.1 549.9,33.886 541,33.886 M565.378,62.101 C565.244,65.022 564.756,66.606 564.346,67.663 C563.803,69.06 563.154,70.057 562.106,71.106 C561.058,72.155 560.06,72.803 558.662,73.347 C557.607,73.757 556.021,74.244 553.102,74.378 C549.944,74.521 548.997,74.552 541,74.552 C533.003,74.552 532.056,74.521 528.898,74.378 C525.979,74.244 524.393,73.757 523.338,73.347 C521.94,72.803 520.942,72.155 519.894,71.106 C518.846,70.057 518.197,69.06 517.654,67.663 C517.244,66.606 516.755,65.022 516.623,62.101 C516.479,58.943 516.448,57.996 516.448,50 C516.448,42.003 516.479,41.056 516.623,37.899 C516.755,34.978 517.244,33.391 517.654,32.338 C518.197,30.938 518.846,29.942 519.894,28.894 C520.942,27.846 521.94,27.196 523.338,26.654 C524.393,26.244 525.979,25.756 528.898,25.623 C532.057,25.479 533.004,25.448 541,25.448 C548.997,25.448 549.943,25.479 553.102,25.623 C556.021,25.756 557.607,26.244 558.662,26.654 C560.06,27.196 561.058,27.846 562.106,28.894 C563.154,29.942 563.803,30.938 564.346,32.338 C564.756,33.391 565.244,34.978 565.378,37.899 C565.522,41.056 565.552,42.003 565.552,50 C565.552,57.996 565.522,58.943 565.378,62.101 M570.82,37.631 C570.674,34.438 570.167,32.258 569.425,30.349 C568.659,28.377 567.633,26.702 565.965,25.035 C564.297,23.368 562.623,22.342 560.652,21.575 C558.743,20.834 556.562,20.326 553.369,20.18 C550.169,20.033 549.148,20 541,20 C532.853,20 531.831,20.033 528.631,20.18 C525.438,20.326 523.257,20.834 521.349,21.575 C519.376,22.342 517.703,23.368 516.035,25.035 C514.368,26.702 513.342,28.377 512.574,30.349 C511.834,32.258 511.326,34.438 511.181,37.631 C511.035,40.831 511,41.851 511,50 C511,58.147 511.035,59.17 511.181,62.369 C511.326,65.562 511.834,67.743 512.574,69.651 C513.342,71.625 514.368,73.296 516.035,74.965 C517.703,76.634 519.376,77.658 521.349,78.425 C523.257,79.167 525.438,79.673 528.631,79.82 C531.831,79.965 532.853,80.001 541,80.001 C549.148,80.001 550.169,79.965 553.369,79.82 C556.562,79.673 558.743,79.167 560.652,78.425 C562.623,77.658 564.297,76.634 565.965,74.965 C567.633,73.296 568.659,71.625 569.425,69.651 C570.167,67.743 570.674,65.562 570.82,62.369 C570.966,59.17 571,58.147 571,50 C571,41.851 570.966,40.831 570.82,37.631\"><\/path><\/g><\/g><\/g><\/svg><\/div><div style=\"padding-top: 8px;\"> <div style=\" color:#3897f0; font-family:Arial,sans-serif; font-size:14px; font-style:normal; font-weight:550; line-height:18px;\">Bu g\u00f6nderiyi Instagram&#39;da g\u00f6r<\/div><\/div><div style=\"padding: 12.5% 0;\"><\/div> <div style=\"display: flex; flex-direction: row; margin-bottom: 14px; align-items: center;\"><div> <div style=\"background-color: #F4F4F4; border-radius: 50%; height: 12.5px; width: 12.5px; transform: translateX(0px) translateY(7px);\"><\/div> <div style=\"background-color: #F4F4F4; height: 12.5px; transform: rotate(-45deg) translateX(3px) translateY(1px); width: 12.5px; flex-grow: 0; margin-right: 14px; margin-left: 2px;\"><\/div> <div style=\"background-color: #F4F4F4; border-radius: 50%; height: 12.5px; width: 12.5px; transform: translateX(9px) translateY(-18px);\"><\/div><\/div><div style=\"margin-left: 8px;\"> <div style=\" background-color: #F4F4F4; border-radius: 50%; flex-grow: 0; height: 20px; width: 20px;\"><\/div> <div style=\" width: 0; height: 0; border-top: 2px solid transparent; border-left: 6px solid #f4f4f4; border-bottom: 2px solid transparent; transform: translateX(16px) translateY(-4px) rotate(30deg)\"><\/div><\/div><div style=\"margin-left: auto;\"> <div style=\" width: 0px; border-top: 8px solid #F4F4F4; border-right: 8px solid transparent; transform: translateY(16px);\"><\/div> <div style=\" background-color: #F4F4F4; flex-grow: 0; height: 12px; width: 16px; transform: translateY(-4px);\"><\/div> <div style=\" width: 0; height: 0; border-top: 8px solid #F4F4F4; border-left: 8px solid transparent; transform: translateY(-4px) translateX(8px);\"><\/div><\/div><\/div> <div style=\"display: flex; flex-direction: column; flex-grow: 1; justify-content: center; margin-bottom: 24px;\"> <div style=\" background-color: #F4F4F4; border-radius: 4px; flex-grow: 0; height: 14px; margin-bottom: 6px; width: 224px;\"><\/div> <div style=\" background-color: #F4F4F4; border-radius: 4px; flex-grow: 0; height: 14px; width: 144px;\"><\/div><\/div><\/a><p style=\" color:#c9c8cd; font-family:Arial,sans-serif; font-size:14px; line-height:17px; margin-bottom:0; margin-top:8px; overflow:hidden; padding:8px 0 7px; text-align:center; text-overflow:ellipsis; white-space:nowrap;\"><a href=\"https:\/\/www.instagram.com\/p\/ChJ2xRFq2qr\/?utm_source=ig_embed&amp;utm_campaign=loading\" style=\" color:#c9c8cd; font-family:Arial,sans-serif; font-size:14px; font-style:normal; font-weight:normal; line-height:17px; text-decoration:none;\" target=\"_blank\" rel=\"noopener noreferrer\">Bu\u011fday Derne\u011fi (@bugday_dernegi)&#39;in payla\u015ft\u0131\u011f\u0131 bir g\u00f6nderi<\/a><\/p><\/div><\/blockquote> <script async src=\"\/\/www.instagram.com\/embed.js\"><\/script>\n\n\n\n<div class=\"wp-block-button is-style-squared\"><a class=\"wp-block-button__link has-text-color has-very-dark-gray-color has-background has-luminous-vivid-amber-background-color\" href=\"https:\/\/www.bugday.org\/blog\/destek-olun\/\"><strong>S\u00fcrd\u00fcr\u00fclebilirli\u011fini bireylerin destek ve ba\u011f\u0131\u015flar\u0131yla sa\u011flayan, 20 y\u0131ld\u0131r \u00f6zveriyle ve k\u0131s\u0131tl\u0131 kaynaklarla \u00e7al\u0131\u015fan Bu\u011fday Derne\u011fi\u2019ne destek olun, gelece\u011fin tohumlar\u0131n\u0131 birlikte ye\u015fertelim!<\/strong> <\/a><\/div>\n\n\n\n<p><\/p>\n","protected":false},"excerpt":{"rendered":"<p>\u201cBu\u011fday Derne\u011fi\u2019nin 20., Bu\u011fday Hareketi\u2019nin 32. ya\u015f\u0131n\u0131 kutluyoruz bu y\u0131l. Bu\u011fday, ya\u015famlar\u0131m\u0131zdaki pek \u00e7ok kavram\u0131n atas\u0131n\u0131, hakikatin hayalini kurmu\u015f ve hayalleri ger\u00e7eklemi\u015f olan bir topluluk. Bu\u011fdaygiller, \u2018Biz yapal\u0131m, par\u00e7as\u0131 olan mutlaka olur.\u2019 diyerek imk\u00e2ns\u0131z\u0131 m\u00fcmk\u00fcn&#8230;<\/p>\n","protected":false},"author":4,"featured_media":285168,"comment_status":"open","ping_status":"open","sticky":false,"template":"","format":"standard","meta":{"footnotes":""},"categories":[804,615],"tags":[1073,160,1072,8,249],"_links":{"self":[{"href":"https:\/\/www.bugday.org\/blog\/wp-json\/wp\/v2\/posts\/285121"}],"collection":[{"href":"https:\/\/www.bugday.org\/blog\/wp-json\/wp\/v2\/posts"}],"about":[{"href":"https:\/\/www.bugday.org\/blog\/wp-json\/wp\/v2\/types\/post"}],"author":[{"embeddable":true,"href":"https:\/\/www.bugday.org\/blog\/wp-json\/wp\/v2\/users\/4"}],"replies":[{"embeddable":true,"href":"https:\/\/www.bugday.org\/blog\/wp-json\/wp\/v2\/comments?post=285121"}],"version-history":[{"count":39,"href":"https:\/\/www.bugday.org\/blog\/wp-json\/wp\/v2\/posts\/285121\/revisions"}],"predecessor-version":[{"id":288601,"href":"https:\/\/www.bugday.org\/blog\/wp-json\/wp\/v2\/posts\/285121\/revisions\/288601"}],"wp:featuredmedia":[{"embeddable":true,"href":"https:\/\/www.bugday.org\/blog\/wp-json\/wp\/v2\/media\/285168"}],"wp:attachment":[{"href":"https:\/\/www.bugday.org\/blog\/wp-json\/wp\/v2\/media?parent=285121"}],"wp:term":[{"taxonomy":"category","embeddable":true,"href":"https:\/\/www.bugday.org\/blog\/wp-json\/wp\/v2\/categories?post=285121"},{"taxonomy":"post_tag","embeddable":true,"href":"https:\/\/www.bugday.org\/blog\/wp-json\/wp\/v2\/tags?post=285121"}],"curies":[{"name":"wp","href":"https:\/\/api.w.org\/{rel}","templated":true}]}}