{"id":270397,"date":"2021-08-15T00:00:20","date_gmt":"2021-08-14T21:00:20","guid":{"rendered":"https:\/\/www.bugday.org\/blog\/?p=270397"},"modified":"2021-08-15T15:26:05","modified_gmt":"2021-08-15T12:26:05","slug":"bir-tohumun-ulkusu-yasamak-ve-yasatmaktir","status":"publish","type":"post","link":"https:\/\/www.bugday.org\/blog\/bir-tohumun-ulkusu-yasamak-ve-yasatmaktir\/","title":{"rendered":"Bir tohumun \u00fclk\u00fcs\u00fc ya\u015famak ve ya\u015fatmakt\u0131r"},"content":{"rendered":"\n<p><strong>Victor Ananias\u2019\u0131n aram\u0131zdan ayr\u0131l\u0131\u015f\u0131n\u0131n 10. y\u0131l\u0131 an\u0131s\u0131na dostlar\u0131, onu ve att\u0131\u011f\u0131 tohumlar\u0131 anlatmaya devam ediyor\u2026 Bu\u011fday Derne\u011fi Y\u00f6netim Kurulu \u00dcyesi, e\u011fitmen ve y\u00f6netim dan\u0131\u015fman\u0131 Bora Sar\u0131 yazd\u0131: \u201cSayende tan\u0131d\u0131\u011f\u0131m g\u00fczel insanlar\u0131n hepsi senin \u00e7izdi\u011fin yolda, birlikte y\u00fcr\u00fcyorlar. Yenileri de, yani gen\u00e7ler de kat\u0131l\u0131yor kafileye&#8230; Ne kadar g\u00fczel bir miras, de\u011fil mi?\u201d<\/strong><\/p>\n\n\n\n<hr class=\"wp-block-separator\"\/>\n\n\n\n<p>Sevgili Vitito,&nbsp;<\/p>\n\n\n\n<p>Sana hi\u00e7 sohbetlerimizde b\u00f6yle seslenmedim ama sayende tan\u0131d\u0131\u011f\u0131m kom\u015fumuz, yoga \u00f6\u011fretmeni, vejetaryen M\u00fcheyya \u0130zer, Bodrum&#8217;da senin \u00e7ocuklu\u011fun d\u00f6neminde sana Vitito dediklerini anlat\u0131r, senden \u00f6yle s\u00f6z ederdi. <\/p>\n\n\n\n<p>M\u00fcheyya \u0130zer de g\u00f6\u00e7t\u00fc bu d\u00fcnyadan&#8230;<\/p>\n\n\n\n<p>\u00d6ncesinde 1992&#8217;de \u0130zmir&#8217;de i\u015f hayat\u0131ma ba\u015flad\u0131\u011f\u0131m d\u00f6nemde, ke\u015ffetti\u011fim vejetaryen lokantan\u0131n a\u015f\u00e7\u0131s\u0131 ve kurucusu sevgili Fikret Altu\u011f neredeyse \u00fc\u00e7 \u00f6\u011f\u00fcn\u00fc onun lokantas\u0131nda yedi\u011fim i\u00e7in arkada\u015f\u0131m olmu\u015ftu. 1992 yaz\u0131nda bana dedi ki: &#8220;Seni Victor ile tan\u0131\u015ft\u0131rmak istiyorum. Beraber, Bodrum&#8217;a gidelim mi?&#8221; <\/p>\n\n\n\n<p>Bodrum&#8217;da Bu\u011fday adl\u0131 restoran ve d\u00fckk\u00e2n\u0131n oldu\u011fu adreste tan\u0131\u015ft\u0131k, sevgili Fikret sayesinde&#8230; <\/p>\n\n\n\n<p>Sonra Fikret Altu\u011f da g\u00f6\u00e7t\u00fc bu d\u00fcnyadan&#8230; <\/p>\n\n\n\n<p>Bu\u011fday lokantas\u0131ndaki seni hi\u00e7 unutmad\u0131m. Sonraki her ad\u0131m\u0131nda o ilk izlenim, ayn\u0131 foto\u011fraf canland\u0131 zihnimde. Ayn\u0131 vizyon, ayn\u0131 yarat\u0131c\u0131l\u0131k, ayn\u0131 liderlik, ayn\u0131 hakimiyet, ayn\u0131 azim, ayn\u0131 kararl\u0131l\u0131k, ayn\u0131 enerji, ayn\u0131 uzun vadeli bak\u0131\u015f, ayn\u0131 payla\u015f\u0131mc\u0131l\u0131k, ayn\u0131 yararl\u0131 olma ve b\u00fct\u00fcne katk\u0131 \u00e7aban ile&#8230; <\/p>\n\n\n\n<p>Sonras\u0131nda yolumuz \u00e7ok yerde kesi\u015fti, bazen tamamen i\u00e7inde bazen de d\u0131\u015far\u0131dan destek oldum senin projelerine&#8230; <\/p>\n\n\n\n<p>Hepsinden \u00e7ok \u015fey \u00f6\u011frendim, \u00f6\u011frendik&#8230; <\/p>\n\n\n\n<p>Ama en \u00e7ok sayende tan\u0131d\u0131\u011f\u0131m g\u00fczel insanlar h\u00e2l\u00e2 hayat\u0131mdalar ve iyi ki varlar&#8230; <\/p>\n\n\n\n<p>Elbette \u00f6\u011frendiklerimiz ile edindi\u011fim bak\u0131\u015f a\u00e7\u0131s\u0131 \u00e7ok de\u011ferli ama sayende tan\u0131d\u0131\u011f\u0131m insanlar san\u0131r\u0131m daha da de\u011ferli&#8230; <\/p>\n\n\n\n<p>\u00c7\u00fcnk\u00fc onlar\u0131n birlikte veya bireysel att\u0131klar\u0131 ad\u0131mlar\u0131 g\u00f6rd\u00fck\u00e7e h\u00e2l\u00e2 seninle, senin izinden gittiklerini g\u00f6r\u00fcyorum. 1992\u2019de Bodrum\u2019da tan\u0131\u015ft\u0131\u011f\u0131m o vatanda\u015f, o d\u00fcnya vatanda\u015f\u0131 yoluna devam ediyor.&nbsp; <\/p>\n\n\n\n<p>Hepsi senin \u00e7izdi\u011fin yolda, birlikte y\u00fcr\u00fcyorlar. Yenileri de, yani gen\u00e7ler de kat\u0131l\u0131yor kafileye&#8230; Ne kadar g\u00fczel bir miras, de\u011fil mi? <\/p>\n\n\n\n<p>Ya\u015famak, ya\u015fatmak i\u00e7in\u2026 <\/p>\n\n\n\n<p>Unutamad\u0131\u011f\u0131m bir di\u011fer foto\u011fraf \u00c7amtepe\u2019deki ilk Ya\u015fam Okulu\u2019nda, tohum hakk\u0131nda yapt\u0131\u011f\u0131n bir konu\u015fma&#8230; Etraf\u0131nda oturan kat\u0131l\u0131mc\u0131lar\u0131n kar\u015f\u0131s\u0131nda ibadet eder gibi, dizlerinin \u00fczerine yere \u00e7\u00f6km\u00fc\u015f ve ne kadar \u00f6nemli bir kavramdan s\u00f6z etti\u011fini herkese hissettirerek, herkesin bildi\u011fi tohumu herkese, neredeyse a\u011flar gibi yeniden anlat\u0131\u015f\u0131n\u2026 <\/p>\n\n\n\n<p>Bir tohumun \u00fclk\u00fcs\u00fc de ya\u015famak ve ya\u015fatmakt\u0131r, de\u011fil mi?&nbsp;<\/p>\n\n\n\n<p>Att\u0131\u011f\u0131n onca tohum zihinlerde, g\u00f6n\u00fcllerde, ili\u015fkilerde, projelerde k\u00f6k salmaya, filizlenmeye, ye\u015fermeye, meyve vermeye ve \u00e7o\u011falmaya devam ediyor\u2026&nbsp;\u0130yi ki vars\u0131n, Vitito\u2026&nbsp;<\/p>\n\n\n\n<hr class=\"wp-block-separator\"\/>\n\n\n\n<div class=\"wp-block-image\"><figure class=\"aligncenter\"><img loading=\"lazy\" decoding=\"async\" width=\"1024\" height=\"768\" src=\"https:\/\/www.bugday.org\/blog\/wp-content\/uploads\/2021\/08\/20210813_154210-1024x768.jpg\" alt=\"\" class=\"wp-image-270417\" srcset=\"https:\/\/www.bugday.org\/blog\/wp-content\/uploads\/2021\/08\/20210813_154210-1024x768.jpg 1024w, https:\/\/www.bugday.org\/blog\/wp-content\/uploads\/2021\/08\/20210813_154210-300x225.jpg 300w, https:\/\/www.bugday.org\/blog\/wp-content\/uploads\/2021\/08\/20210813_154210-768x576.jpg 768w\" sizes=\"(max-width: 1024px) 100vw, 1024px\" \/><figcaption><strong><em>Bora Sar\u0131, M\u00fcheyyz \u0130zer, Victor Ananias <\/em><\/strong><br><em><strong>1999, \u0130stanbul<\/strong><\/em><\/figcaption><\/figure><\/div>\n\n\n\n<p><strong>Yaz\u0131: <\/strong>Bora Sar\u0131<\/p>\n","protected":false},"excerpt":{"rendered":"<p>Victor Ananias\u2019\u0131n aram\u0131zdan ayr\u0131l\u0131\u015f\u0131n\u0131n 10. y\u0131l\u0131 an\u0131s\u0131na dostlar\u0131, onu ve att\u0131\u011f\u0131 tohumlar\u0131 anlatmaya devam ediyor\u2026 Bu\u011fday Derne\u011fi Y\u00f6netim Kurulu \u00dcyesi, e\u011fitmen ve y\u00f6netim dan\u0131\u015fman\u0131 Bora Sar\u0131 yazd\u0131: \u201cSayende tan\u0131d\u0131\u011f\u0131m g\u00fczel insanlar\u0131n hepsi senin \u00e7izdi\u011fin yolda,&#8230;<\/p>\n","protected":false},"author":4,"featured_media":93994,"comment_status":"open","ping_status":"open","sticky":false,"template":"","format":"standard","meta":{"footnotes":""},"categories":[18,615],"tags":[216,248,542],"_links":{"self":[{"href":"https:\/\/www.bugday.org\/blog\/wp-json\/wp\/v2\/posts\/270397"}],"collection":[{"href":"https:\/\/www.bugday.org\/blog\/wp-json\/wp\/v2\/posts"}],"about":[{"href":"https:\/\/www.bugday.org\/blog\/wp-json\/wp\/v2\/types\/post"}],"author":[{"embeddable":true,"href":"https:\/\/www.bugday.org\/blog\/wp-json\/wp\/v2\/users\/4"}],"replies":[{"embeddable":true,"href":"https:\/\/www.bugday.org\/blog\/wp-json\/wp\/v2\/comments?post=270397"}],"version-history":[{"count":7,"href":"https:\/\/www.bugday.org\/blog\/wp-json\/wp\/v2\/posts\/270397\/revisions"}],"predecessor-version":[{"id":283701,"href":"https:\/\/www.bugday.org\/blog\/wp-json\/wp\/v2\/posts\/270397\/revisions\/283701"}],"wp:featuredmedia":[{"embeddable":true,"href":"https:\/\/www.bugday.org\/blog\/wp-json\/wp\/v2\/media\/93994"}],"wp:attachment":[{"href":"https:\/\/www.bugday.org\/blog\/wp-json\/wp\/v2\/media?parent=270397"}],"wp:term":[{"taxonomy":"category","embeddable":true,"href":"https:\/\/www.bugday.org\/blog\/wp-json\/wp\/v2\/categories?post=270397"},{"taxonomy":"post_tag","embeddable":true,"href":"https:\/\/www.bugday.org\/blog\/wp-json\/wp\/v2\/tags?post=270397"}],"curies":[{"name":"wp","href":"https:\/\/api.w.org\/{rel}","templated":true}]}}