{"id":214009,"date":"2020-06-20T00:00:04","date_gmt":"2020-06-19T21:00:04","guid":{"rendered":"https:\/\/www.bugday.org\/blog\/?p=214009"},"modified":"2021-06-20T16:17:34","modified_gmt":"2021-06-20T13:17:34","slug":"victorun-bahcesinde-gelecegin-tohumlari-yeseriyor","status":"publish","type":"post","link":"https:\/\/www.bugday.org\/blog\/victorun-bahcesinde-gelecegin-tohumlari-yeseriyor\/","title":{"rendered":"\u201cVictor\u2019un Bah\u00e7esi\u201dnde gelece\u011fin tohumlar\u0131 ye\u015feriyor"},"content":{"rendered":"\n<p><strong>\u015eanl\u0131urfa\u2019n\u0131n Suru\u00e7 il\u00e7esinde bulunan \u00dc\u00e7p\u0131nar \u0130lkokulu \u00f6\u011fretmeni Abdulkadir Korkmaz ve \u00f6\u011frencilerinin \u201cVictor\u2019un Bah\u00e7esi\u201dnde ektikleri atal\u0131k tohumlar meyve vermeye ba\u015flad\u0131.<\/strong><\/p>\n\n\n\n<p>\u0130lkokul \u00f6\u011fretmeni Abdulkadir Korkmaz, tohumun d\u00f6ng\u00fcs\u00fcn\u00fc, kompostu ve do\u011fa dostu \u00fcretimi her \u00f6\u011frencinin yaparak \u00f6\u011frenebilmesi i\u00e7in gerekli ihtiya\u00e7lar\u0131 kar\u015f\u0131layabilmek amac\u0131yla, \u015eanl\u0131urfa&#8217;n\u0131n Suru\u00e7 il\u00e7esine ba\u011fl\u0131 \u00dc\u00e7p\u0131nar K\u00f6y\u00fc\u2019n\u00fcn birle\u015ftirilmi\u015f s\u0131n\u0131fl\u0131 k\u00f6y okulunda \u201cEkolojik Bah\u00e7e\u201d \u00e7al\u0131\u015fmas\u0131n\u0131 hayata ge\u00e7irdi.<\/p>\n\n\n\n<p>Kas\u0131m 2020\u2019de ba\u015flayan \u00e7al\u0131\u015fma kapsam\u0131nda, Bu\u011fday Derne\u011fi\u2019nin deste\u011fi ile atal\u0131k tohumlara ula\u015ft\u0131klar\u0131n\u0131 s\u00f6yleyen Abdulkadir Korkmaz, \u201cVictor\u2019un Bah\u00e7esi\u201d ad\u0131n\u0131 verdikleri bah\u00e7e ile hem Victor Ananias\u2019\u0131n ad\u0131n\u0131 hem de onun ekolojik ya\u015fam m\u00fccadelesini ya\u015fat\u0131yor.<\/p>\n\n\n\n<p>Okuldaki 30 \u00f6\u011frencinin tamam\u0131 pandemiye ra\u011fmen yap\u0131lan \u00e7al\u0131\u015fmalara kat\u0131ld\u0131; her bir \u00f6\u011frenci i\u00e7in atal\u0131k tohum ve bir sebze yata\u011f\u0131 bulunan \u201cVictor\u2019un Bah\u00e7esi\u201dnde, mart ay\u0131n\u0131n sonunda domates, fasulye, m\u0131s\u0131r, biber ve \u00e7ilek tohumlar\u0131ndan fidelenen \u00fcr\u00fcnler yaz boyunca hasat edilebilecek. <\/p>\n\n\n\n<hr class=\"wp-block-separator\"\/>\n\n\n\n<div class=\"wp-block-image\"><figure class=\"aligncenter\"><img loading=\"lazy\" decoding=\"async\" width=\"1024\" height=\"1024\" src=\"https:\/\/www.bugday.org\/blog\/wp-content\/uploads\/2021\/06\/kolaj-1-1024x1024.png\" alt=\"\" class=\"wp-image-214162\" srcset=\"https:\/\/www.bugday.org\/blog\/wp-content\/uploads\/2021\/06\/kolaj-1-1024x1024.png 1024w, https:\/\/www.bugday.org\/blog\/wp-content\/uploads\/2021\/06\/kolaj-1-320x320.png 320w, https:\/\/www.bugday.org\/blog\/wp-content\/uploads\/2021\/06\/kolaj-1-300x300.png 300w, https:\/\/www.bugday.org\/blog\/wp-content\/uploads\/2021\/06\/kolaj-1-768x768.png 768w, https:\/\/www.bugday.org\/blog\/wp-content\/uploads\/2021\/06\/kolaj-1-60x60.png 60w, https:\/\/www.bugday.org\/blog\/wp-content\/uploads\/2021\/06\/kolaj-1.png 1080w\" sizes=\"(max-width: 1024px) 100vw, 1024px\" \/><\/figure><\/div>\n\n\n\n<hr class=\"wp-block-separator\"\/>\n\n\n\n<h1 class=\"wp-block-heading\">Hedef ekolojik k\u00f6ye d\u00f6n\u00fc\u015fmek<\/h1>\n\n\n\n<p>Damlama sistemi ile sulama yapmay\u0131 ve organik tar\u0131ma ge\u00e7meyi hedeflediklerini aktaran Korkmaz, kompost alan\u0131 ile de s\u0131f\u0131r at\u0131k ilkesini uygulayacaklar\u0131n\u0131 s\u00f6zlerine ekliyor. K\u0131sa vadede ise, tohumun d\u00f6ng\u00fcs\u00fcn\u00fc, kompostu ve do\u011fa dostu \u00fcretimi her \u00f6\u011frencinin yaparak \u00f6\u011frenebilmesi i\u00e7in gerekli ihtiya\u00e7lar\u0131 kar\u015f\u0131layabilmek amac\u0131yla <a href=\"https:\/\/hayalkumbarasi.com\/kampanya\/ekolojik-bahce\/\">Hayal Kumbaras\u0131<\/a> sayfas\u0131nda ba\u015flatt\u0131klar\u0131 kampanyaya destek \u00e7a\u011fr\u0131s\u0131nda bulunuyor.<\/p>\n\n\n\n<p>Bunlar\u0131n yan\u0131 s\u0131ra, \u00e7ift\u00e7ilik ile ge\u00e7imini sa\u011flayan \u00dc\u00e7p\u0131nar K\u00f6y\u00fc\u2019nde organik tar\u0131m uygulamalar\u0131na dair bilgilendirme \u00e7al\u0131\u015fmalar\u0131n\u0131n yap\u0131lmas\u0131 planlan\u0131yor. Korkmaz, \u00f6\u011fretmen olarak g\u00f6rev yapt\u0131klar\u0131 k\u00f6y\u00fcn organik tar\u0131m ile birlikte \u2018ekolojik k\u00f6y\u2019e d\u00f6n\u00fc\u015f\u00fcm\u00fcn\u00fcn sa\u011flanmas\u0131n\u0131n ve burada \u00fcretilen zehirsiz \u00fcr\u00fcnlerin yerel halk taraf\u0131ndan pazarlanarak kente g\u00f6\u00e7\u00fcn \u00f6n\u00fcne ge\u00e7ilebilece\u011fini belirtiyor.<\/p>\n\n\n\n<div class=\"wp-block-image\"><figure class=\"aligncenter\"><img loading=\"lazy\" decoding=\"async\" width=\"1024\" height=\"769\" src=\"https:\/\/www.bugday.org\/blog\/wp-content\/uploads\/2021\/06\/WhatsApp-Image-2021-06-14-at-18.54.50-4-1024x769.jpeg\" alt=\"\" class=\"wp-image-214155\" srcset=\"https:\/\/www.bugday.org\/blog\/wp-content\/uploads\/2021\/06\/WhatsApp-Image-2021-06-14-at-18.54.50-4-1024x769.jpeg 1024w, https:\/\/www.bugday.org\/blog\/wp-content\/uploads\/2021\/06\/WhatsApp-Image-2021-06-14-at-18.54.50-4-300x225.jpeg 300w, https:\/\/www.bugday.org\/blog\/wp-content\/uploads\/2021\/06\/WhatsApp-Image-2021-06-14-at-18.54.50-4-768x576.jpeg 768w, https:\/\/www.bugday.org\/blog\/wp-content\/uploads\/2021\/06\/WhatsApp-Image-2021-06-14-at-18.54.50-4.jpeg 1600w\" sizes=\"(max-width: 1024px) 100vw, 1024px\" \/><\/figure><\/div>\n\n\n\n<hr class=\"wp-block-separator\"\/>\n\n\n\n<blockquote class=\"wp-block-quote\"><p><strong>Foto\u011fraflar: <\/strong>\u00dc\u00e7p\u0131nar \u0130lkokulu Ar\u015fivi, Abdulkadir Korkmaz<br><\/p><\/blockquote>\n\n\n\n<p><br><\/p>\n","protected":false},"excerpt":{"rendered":"<p>\u015eanl\u0131urfa\u2019n\u0131n Suru\u00e7 il\u00e7esinde bulunan \u00dc\u00e7p\u0131nar \u0130lkokulu \u00f6\u011fretmeni Abdulkadir Korkmaz ve \u00f6\u011frencilerinin \u201cVictor\u2019un Bah\u00e7esi\u201dnde ektikleri atal\u0131k tohumlar meyve vermeye ba\u015flad\u0131. \u0130lkokul \u00f6\u011fretmeni Abdulkadir Korkmaz, tohumun d\u00f6ng\u00fcs\u00fcn\u00fc, kompostu ve do\u011fa dostu \u00fcretimi her \u00f6\u011frencinin yaparak \u00f6\u011frenebilmesi i\u00e7in&#8230;<\/p>\n","protected":false},"author":4,"featured_media":214115,"comment_status":"open","ping_status":"open","sticky":false,"template":"","format":"standard","meta":{"footnotes":""},"categories":[1,800,615],"tags":[248],"_links":{"self":[{"href":"https:\/\/www.bugday.org\/blog\/wp-json\/wp\/v2\/posts\/214009"}],"collection":[{"href":"https:\/\/www.bugday.org\/blog\/wp-json\/wp\/v2\/posts"}],"about":[{"href":"https:\/\/www.bugday.org\/blog\/wp-json\/wp\/v2\/types\/post"}],"author":[{"embeddable":true,"href":"https:\/\/www.bugday.org\/blog\/wp-json\/wp\/v2\/users\/4"}],"replies":[{"embeddable":true,"href":"https:\/\/www.bugday.org\/blog\/wp-json\/wp\/v2\/comments?post=214009"}],"version-history":[{"count":15,"href":"https:\/\/www.bugday.org\/blog\/wp-json\/wp\/v2\/posts\/214009\/revisions"}],"predecessor-version":[{"id":214782,"href":"https:\/\/www.bugday.org\/blog\/wp-json\/wp\/v2\/posts\/214009\/revisions\/214782"}],"wp:featuredmedia":[{"embeddable":true,"href":"https:\/\/www.bugday.org\/blog\/wp-json\/wp\/v2\/media\/214115"}],"wp:attachment":[{"href":"https:\/\/www.bugday.org\/blog\/wp-json\/wp\/v2\/media?parent=214009"}],"wp:term":[{"taxonomy":"category","embeddable":true,"href":"https:\/\/www.bugday.org\/blog\/wp-json\/wp\/v2\/categories?post=214009"},{"taxonomy":"post_tag","embeddable":true,"href":"https:\/\/www.bugday.org\/blog\/wp-json\/wp\/v2\/tags?post=214009"}],"curies":[{"name":"wp","href":"https:\/\/api.w.org\/{rel}","templated":true}]}}