{"id":20926,"date":"2021-01-15T00:00:23","date_gmt":"2021-01-14T21:00:23","guid":{"rendered":"https:\/\/www.bugday.org\/blog\/?p=20926"},"modified":"2021-01-15T11:26:19","modified_gmt":"2021-01-15T08:26:19","slug":"camtepenin-10-yili-da-bitti-cancagizim","status":"publish","type":"post","link":"https:\/\/www.bugday.org\/blog\/camtepenin-10-yili-da-bitti-cancagizim\/","title":{"rendered":"\u00c7amtepe\u2019nin 10. y\u0131l\u0131 da bitti canca\u011f\u0131z\u0131m \ufeff"},"content":{"rendered":"\n<p><strong>Bu\u011fday Derne\u011fi Strateji Kurulu \u00dcyesi<\/strong> <strong>G\u00fcne\u015fin Aydemir \u00c7amtepe&#8217;nin pandemiye yakalanan 10. y\u0131l\u0131n\u0131 yazd\u0131.<\/strong><\/p>\n\n\n\n<p>Koskoca bir y\u0131l\u0131 geride b\u0131rakt\u0131k. Bir yandan sanki hi\u00e7bir \u015fey yapmad\u0131k gibi, \u00f6te yandan \u015fimdi geriye bak\u0131nca &#8220;Ne \u00e7ok \u015fey oldu&#8221; demekten de kendimi alam\u0131yorum. <\/p>\n\n\n\n<p>Pandemi psikolojisinin \u00fcst\u00fcn\u00fc \u00f6rtt\u00fc\u011f\u00fc, birbirimize sar\u0131lamad\u0131\u011f\u0131m\u0131z, kurakl\u0131ktan yand\u0131\u011f\u0131m\u0131z i\u00e7in ziyaret edenlerin arkas\u0131ndan su d\u00f6kmedi\u011fimiz bir y\u0131l. \u00d6nemsizmi\u015f gibi g\u00f6r\u00fcnen ama \u00c7amtepe ko\u015fullar\u0131n\u0131 d\u00fc\u015f\u00fcn\u00fcnce, duygusal anlamda b\u00fcy\u00fck eksiklik veren hadiseler. <\/p>\n\n\n\n<p>Zira sar\u0131lmak, hatta sar\u0131l\u0131p \u00f6ylece kalmak, sar\u0131lmaktan\nayr\u0131lamamak bir \u00c7amtepe gelene\u011fi. Gelenleri yolcularken arkalar\u0131ndan su d\u00f6kmek\nde \u00f6yle. <\/p>\n\n\n\n<hr class=\"wp-block-separator\"\/>\n\n\n\n<figure class=\"wp-block-image\"><img loading=\"lazy\" decoding=\"async\" width=\"1024\" height=\"576\" src=\"https:\/\/www.bugday.org\/blog\/wp-content\/uploads\/2021\/01\/58423711_2181465398598128_780391419625326853_n-1024x576.jpg\" alt=\"\" class=\"wp-image-21382\" srcset=\"https:\/\/www.bugday.org\/blog\/wp-content\/uploads\/2021\/01\/58423711_2181465398598128_780391419625326853_n-1024x576.jpg 1024w, https:\/\/www.bugday.org\/blog\/wp-content\/uploads\/2021\/01\/58423711_2181465398598128_780391419625326853_n-300x169.jpg 300w, https:\/\/www.bugday.org\/blog\/wp-content\/uploads\/2021\/01\/58423711_2181465398598128_780391419625326853_n-768x432.jpg 768w, https:\/\/www.bugday.org\/blog\/wp-content\/uploads\/2021\/01\/58423711_2181465398598128_780391419625326853_n.jpg 1040w\" sizes=\"(max-width: 1024px) 100vw, 1024px\" \/><figcaption><strong><a rel=\"noreferrer noopener\" aria-label=\"\u00c7amtepe Sakini Parsifal (yeni sekmede a\u00e7\u0131l\u0131r)\" href=\"https:\/\/www.instagram.com\/camtepeliparsifal\/\" target=\"_blank\">Parsifal,<\/a><\/strong> <strong><a rel=\"noreferrer noopener\" href=\"https:\/\/www.instagram.com\/camtepeyasammerkezi\/\" target=\"_blank\">\u00c7amtepe Ekolojik Ya\u015fam Merkezi<\/a><\/strong> <\/figcaption><\/figure>\n\n\n\n<hr class=\"wp-block-separator\"\/>\n\n\n\n<p>Peki neler yapt\u0131k bu ge\u00e7ti\u011fimiz ola\u011fan\u00fcst\u00fc y\u0131lda? <\/p>\n\n\n\n<p>\u00c7amtepe g\u00fcnl\u00fc\u011f\u00fc s\u00f6yler&#8230; Y\u0131l muhte\u015fem bir yeni y\u0131l partisiyle ba\u015flam\u0131\u015ft\u0131. O heyecanla yapt\u0131\u011f\u0131m\u0131z harika programlar\u0131, 21 Mart&#8217;ta yapmay\u0131 planlad\u0131\u011f\u0131m\u0131z 10. y\u0131l kutlamas\u0131n\u0131 iptal ettik. \u00c7al\u0131\u015fmalar\u0131, sohbetleri \u00e7evrimi\u00e7i ortamlara ta\u015f\u0131d\u0131k. <\/p>\n\n\n\n<p>En fazla iki-\u00fc\u00e7 g\u00fcnde bir birileri ge\u00e7erken u\u011frad\u0131 mutlaka.\nParsifal\u2019e bakmak, Victor\u2019a bizi seyretti\u011fi k\u00f6\u015feden g\u00f6z k\u0131rpmak, etraf\u0131\ndola\u015fmak, yerleri s\u00fcp\u00fcrmek, gerekli bak\u0131mlar\u0131 yapmak, sal\u0131ncakta sallanmak,\nk\u00fct\u00fcphaneden bir kitap al\u0131p sayfalar\u0131nda g\u00f6z gezdirmek i\u00e7in. <\/p>\n\n\n\n<hr class=\"wp-block-separator\"\/>\n\n\n\n<figure class=\"wp-block-image\"><img loading=\"lazy\" decoding=\"async\" width=\"1024\" height=\"576\" src=\"https:\/\/www.bugday.org\/blog\/wp-content\/uploads\/2021\/01\/53267142_262099324667571_1662541339125779145_n1-1024x576.jpg\" alt=\"\" class=\"wp-image-21388\" srcset=\"https:\/\/www.bugday.org\/blog\/wp-content\/uploads\/2021\/01\/53267142_262099324667571_1662541339125779145_n1-1024x576.jpg 1024w, https:\/\/www.bugday.org\/blog\/wp-content\/uploads\/2021\/01\/53267142_262099324667571_1662541339125779145_n1-300x169.jpg 300w, https:\/\/www.bugday.org\/blog\/wp-content\/uploads\/2021\/01\/53267142_262099324667571_1662541339125779145_n1-768x432.jpg 768w, https:\/\/www.bugday.org\/blog\/wp-content\/uploads\/2021\/01\/53267142_262099324667571_1662541339125779145_n1.jpg 1040w\" sizes=\"(max-width: 1024px) 100vw, 1024px\" \/><\/figure>\n\n\n\n<hr class=\"wp-block-separator\"\/>\n\n\n\n<p>Bazen daha kalabal\u0131k da olduk. Bir araya gelip yemekler yedik, do\u011fum g\u00fcnleri kutlad\u0131k. Ya da zeytinleri toplad\u0131k. <\/p>\n\n\n\n<p>Yaz\u0131n yolunu buralara d\u00fc\u015f\u00fcren dostlar\u0131 a\u011f\u0131rlad\u0131k \u00c7amtepe\u2019nin\navlusunda. Hatta baz\u0131 geceler ate\u015f yakt\u0131k, \u015fark\u0131 s\u00f6yledik, masallar da\nanlatt\u0131k. <\/p>\n\n\n\n<p>\u015eiddetsiz ileti\u015fimle ilgili bir at\u00f6lye bile yapt\u0131k kendi\naram\u0131zda. <\/p>\n\n\n\n<p>K\u00fc\u00e7\u00fckkuyu\u2019daki \u00e7ocuklardan olu\u015fan tiyatro toplulu\u011fu i\u00e7in, Saye Kolektifi i\u00e7in kap\u0131lar\u0131m\u0131z\u0131 a\u00e7t\u0131k. Ba\u015fka bir sanat projesi i\u00e7in film, &#8220;Derler ki&#8221; sergisinin alb\u00fcm\u00fcn\u00fc haz\u0131rlamak i\u00e7in foto\u011fraf \u00e7ekimleri yapt\u0131k. <\/p>\n\n\n\n<p>Sonbaharda sessiz oturu\u015flar ba\u015flad\u0131 sonra. Hi\u00e7 konu\u015fmadan sadece etrafa bakarak sessizce oturduk topluca. <\/p>\n\n\n\n<p>&#8220;\u00c7amtepe\u2019nin Haikular\u0131&#8221; kitab\u0131n\u0131 haz\u0131rlad\u0131k. Yak\u0131nda yay\u0131mlanacak. <\/p>\n\n\n\n<hr class=\"wp-block-separator\"\/>\n\n\n\n<div class=\"wp-block-image\"><figure class=\"aligncenter\"><img loading=\"lazy\" decoding=\"async\" width=\"1024\" height=\"819\" src=\"https:\/\/www.bugday.org\/blog\/wp-content\/uploads\/2021\/01\/\u00e7amtepe-2020-1024x819.png\" alt=\"\" class=\"wp-image-21391\" srcset=\"https:\/\/www.bugday.org\/blog\/wp-content\/uploads\/2021\/01\/\u00e7amtepe-2020-1024x819.png 1024w, https:\/\/www.bugday.org\/blog\/wp-content\/uploads\/2021\/01\/\u00e7amtepe-2020-300x240.png 300w, https:\/\/www.bugday.org\/blog\/wp-content\/uploads\/2021\/01\/\u00e7amtepe-2020-768x614.png 768w, https:\/\/www.bugday.org\/blog\/wp-content\/uploads\/2021\/01\/\u00e7amtepe-2020.png 2000w\" sizes=\"(max-width: 1024px) 100vw, 1024px\" \/><figcaption><br><\/figcaption><\/figure><\/div>\n\n\n\n<p>Biz bunlar\u0131 yap\u0131p, bizleri nelerin bekledi\u011fini d\u00fc\u015f\u00fcn\u00fcrken;\ncemreler d\u00fc\u015ft\u00fc, h\u0131drellez \u00e7i\u00e7ekleri a\u00e7t\u0131, g\u00f6ky\u00fcz\u00fcnde b\u00fcy\u00fck ay\u0131 g\u00f6r\u00fcnd\u00fc,\nkayboldu. <\/p>\n\n\n\n<p>Devran d\u00f6nd\u00fc. <\/p>\n\n\n\n<p>Devran d\u00f6n\u00fcyor. <\/p>\n\n\n\n<p>\u00c7amtepe duruyor. Bir yandan da hep hareket halinde. <\/p>\n\n\n\n<p>Nice 10 y\u0131llara.<\/p>\n\n\n\n<p><strong><em>Yaz\u0131: <\/em><\/strong><em>G\u00fcne\u015fin Aydemir \u2013 Bu\u011fday Derne\u011fi Strateji Kurulu \u00dcyesi <\/em> <\/p>\n\n\n\n<p><strong>Kapak Foto\u011fraf\u0131: <\/strong>Saye Kolektif Ar\u015fivi<\/p>\n\n\n\n<p><strong>Di\u011fer Foto\u011fraflar:<\/strong> \u00c7amtepe Ar\u015fivi<\/p>\n","protected":false},"excerpt":{"rendered":"<p>Bu\u011fday Derne\u011fi Strateji Kurulu \u00dcyesi G\u00fcne\u015fin Aydemir \u00c7amtepe&#8217;nin pandemiye yakalanan 10. y\u0131l\u0131n\u0131 yazd\u0131. Koskoca bir y\u0131l\u0131 geride b\u0131rakt\u0131k. Bir yandan sanki hi\u00e7bir \u015fey yapmad\u0131k gibi, \u00f6te yandan \u015fimdi geriye bak\u0131nca &#8220;Ne \u00e7ok \u015fey oldu&#8221; demekten&#8230;<\/p>\n","protected":false},"author":4,"featured_media":21032,"comment_status":"open","ping_status":"open","sticky":false,"template":"","format":"standard","meta":{"footnotes":""},"categories":[760],"tags":[208,249],"_links":{"self":[{"href":"https:\/\/www.bugday.org\/blog\/wp-json\/wp\/v2\/posts\/20926"}],"collection":[{"href":"https:\/\/www.bugday.org\/blog\/wp-json\/wp\/v2\/posts"}],"about":[{"href":"https:\/\/www.bugday.org\/blog\/wp-json\/wp\/v2\/types\/post"}],"author":[{"embeddable":true,"href":"https:\/\/www.bugday.org\/blog\/wp-json\/wp\/v2\/users\/4"}],"replies":[{"embeddable":true,"href":"https:\/\/www.bugday.org\/blog\/wp-json\/wp\/v2\/comments?post=20926"}],"version-history":[{"count":14,"href":"https:\/\/www.bugday.org\/blog\/wp-json\/wp\/v2\/posts\/20926\/revisions"}],"predecessor-version":[{"id":21811,"href":"https:\/\/www.bugday.org\/blog\/wp-json\/wp\/v2\/posts\/20926\/revisions\/21811"}],"wp:featuredmedia":[{"embeddable":true,"href":"https:\/\/www.bugday.org\/blog\/wp-json\/wp\/v2\/media\/21032"}],"wp:attachment":[{"href":"https:\/\/www.bugday.org\/blog\/wp-json\/wp\/v2\/media?parent=20926"}],"wp:term":[{"taxonomy":"category","embeddable":true,"href":"https:\/\/www.bugday.org\/blog\/wp-json\/wp\/v2\/categories?post=20926"},{"taxonomy":"post_tag","embeddable":true,"href":"https:\/\/www.bugday.org\/blog\/wp-json\/wp\/v2\/tags?post=20926"}],"curies":[{"name":"wp","href":"https:\/\/api.w.org\/{rel}","templated":true}]}}