{"id":1534,"date":"2018-01-11T07:26:41","date_gmt":"2018-01-11T04:26:41","guid":{"rendered":"http:\/\/www.bugday.org\/blog\/?p=1534"},"modified":"2018-01-31T13:46:51","modified_gmt":"2018-01-31T10:46:51","slug":"istanbulun-gizli-aricisi-ve-bir-sanatsal-eylem-olarak-aricilik","status":"publish","type":"post","link":"https:\/\/www.bugday.org\/blog\/istanbulun-gizli-aricisi-ve-bir-sanatsal-eylem-olarak-aricilik\/","title":{"rendered":"\u0130stanbul&#8217;un gizli ar\u0131c\u0131s\u0131 ve bir sanatsal eylem olarak ar\u0131c\u0131l\u0131k"},"content":{"rendered":"<p>AB Erasmus + Program\u0131 taraf\u0131ndan desteklenen <em><strong>Ar\u0131lar\u0131 Ya\u015fatal\u0131m<\/strong><\/em> projemiz kapsam\u0131nda 9 Aral\u0131k&#8217;ta \u0130zmir&#8217;de ger\u00e7ekle\u015ftirdi\u011fimiz Uluslararas\u0131 Ekolojik Ar\u0131c\u0131l\u0131k Konferans\u0131&#8217;nda birbirinden ilgin\u00e7 ve \u00f6nemli sunumlar izledik. En \u00e7ok ilgi \u00e7eken ve ilham veren sunumlardan biri Marmara \u00dcniversitesi G\u00fczel Sanatlar Fak\u00fcltesi&#8217;nden <em><strong>Do\u00e7. Dr. Alaattin Kirazc\u0131<\/strong><\/em>&#8216;ya aitti. <em><strong>\u0130stanbul&#8217;da ar\u0131c\u0131l\u0131k<\/strong><\/em> yapmaya ba\u015flayan Kirazc\u0131&#8217;n\u0131n \u00f6yk\u00fcs\u00fcn\u00fc gelin ondan dinleyelim.<\/p>\n<p><strong>Uluslararas\u0131 Ekolojik Ar\u0131c\u0131l\u0131k Konferans\u0131&#8217;nda \u00f6yk\u00fcn\u00fcz\u00fc dinlemi\u015ftik. Gelemeyenler i\u00e7in ar\u0131c\u0131l\u0131\u011fa ba\u015flama hik\u00e2yenizi k\u0131saca tekrar anlatabilir misiniz?<\/strong><\/p>\n<p>\u00dc\u00e7 ayl\u0131k ar\u0131c\u0131l\u0131k e\u011fitimini de dahil edersek 2016 Ekim ay\u0131ndan bu yana, bir y\u0131ldan fazla bir s\u00fcredir ar\u0131c\u0131l\u0131kla ilgileniyorum. Asl\u0131nda ar\u0131c\u0131l\u0131k e\u011fitimi almaya ba\u015flamadan iki ya da \u00fc\u00e7 y\u0131l \u00f6nce, neredeyse internetten ar\u0131 sat\u0131n al\u0131p ba\u015flayacakt\u0131m, fakat ar\u0131c\u0131l\u0131k yapmak i\u00e7in \u00f6zg\u00fcvenim yoktu. \u0130nsanlar\u0131n \u201car\u0131\u201d korkusu ve tepkileri de cesaret verici de\u011fildi. Bu iste\u011fi bir s\u00fcre daha bast\u0131rmam gerekti.<\/p>\n<p>Ar\u0131c\u0131l\u0131k e\u011fitiminden sonra her \u015fey de\u011fi\u015fti. \u0130lk \u00f6nce Gebze\u2019nin bir k\u0131rsal\u0131nda bir arkada\u015f\u0131mla ortak iki kovanla ba\u015flad\u0131k. Bu benim i\u00e7in gidi\u015f-geli\u015f toplamda 160 km. ve en az 3,5 saatlik bir yol demekti. \u0130lk ba\u015fta 10-15 g\u00fcnde bir bak\u0131m yapmak i\u00e7in gidip gelmek i\u00e7in yeterli gibi gelse de, ekonomik ve ekolojik de\u011fildi. Deneyim kazanma, g\u00f6zlem yapma ve tecr\u00fcbe kazanma anlam\u0131nda da s\u00fcrd\u00fcr\u00fclebilir gelmedi. Bunun \u00fczerine bir koloni ar\u0131 daha al\u0131p \u015fehirde ar\u0131c\u0131l\u0131k yapmaya ba\u015flad\u0131m. B\u00f6ylece \u00e7ok heyecan verici bir s\u00fcre\u00e7 ba\u015flam\u0131\u015f oldu.<\/p>\n<div id=\"attachment_1535\" style=\"width: 710px\" class=\"wp-caption alignnone\"><a href=\"http:\/\/www.bugday.org\/blog\/wp-content\/uploads\/2018\/01\/alaattin_kirazci_kovan.jpg\"><img loading=\"lazy\" decoding=\"async\" aria-describedby=\"caption-attachment-1535\" class=\"size-full wp-image-1535\" src=\"http:\/\/www.bugday.org\/blog\/wp-content\/uploads\/2018\/01\/alaattin_kirazci_kovan.jpg\" alt=\"\" width=\"700\" height=\"933\" srcset=\"https:\/\/www.bugday.org\/blog\/wp-content\/uploads\/2018\/01\/alaattin_kirazci_kovan.jpg 700w, https:\/\/www.bugday.org\/blog\/wp-content\/uploads\/2018\/01\/alaattin_kirazci_kovan-225x300.jpg 225w\" sizes=\"(max-width: 700px) 100vw, 700px\" \/><\/a><p id=\"caption-attachment-1535\" class=\"wp-caption-text\">Alaattin Kirazc\u0131 ve \u0130stanbul&#8217;daki gizli kovan\u0131<\/p><\/div>\n<p><strong>Ar\u0131c\u0131l\u0131k yapman\u0131z\u0131n sanatsal bir y\u00f6n\u00fc, amac\u0131 da var. Ar\u0131lar ve sanat ile kurmu\u015f oldu\u011funuz bu k\u00f6pr\u00fcn\u00fcn detaylar\u0131n\u0131 \u00f6\u011frenebilir miyiz?<\/strong><\/p>\n<p>2009 y\u0131l\u0131ndan bu yana ekolojik sanat ara\u015ft\u0131rmalar\u0131 ve uygulamalar\u0131 yap\u0131yorum. Organik Heykel isminde de sanatsal bir proje y\u00fcr\u00fct\u00fcyorum. Bu proje kapsam\u0131nda Kad\u0131k\u00f6y Ac\u0131badem\u2019deki Marmara \u00dcniversitesi G\u00fczel Sanatlar Fak\u00fcltesi kamp\u00fcs\u00fcnde evladiyelik tohumlarla do\u011fal \u015fehir bah\u00e7esi olu\u015fturdum. \u0130lk ba\u015flarda tohumun filizlenmesine mucize olmu\u015f gibi hayran kalan bir \u015fehirlinin hobi bah\u00e7esiydi bu. Evet! Bu, bir anlamda mucize! Fakat insanlar nas\u0131l do\u011fuyorsa tohumlar da as\u0131rlard\u0131r ye\u015feriyor ve bu do\u011fan\u0131n \u201cbasit\u201d bir devaml\u0131l\u0131\u011f\u0131, bir d\u00f6ng\u00fcs\u00fc. Oysaki insan\u0131n do\u011fu\u015fu da, bir domates tohumunun ye\u015fermesi de ayn\u0131 derecede hayranl\u0131k uyand\u0131rmal\u0131. \u0130nsan\u0131n kendisini ekolojik \u00e7evresinden, do\u011fas\u0131ndan soyutlay\u0131p sadece bir tohumun ye\u015fermesine hayran kalmas\u0131 s\u00fcre\u00e7 i\u00e7erisinde naif ve dramatik bir \u015fekilde duygusal g\u00f6r\u00fcnmeye ba\u015flad\u0131. Asl\u0131nda bu durumun, bir \u015fehirli olan<b> <\/b>benim kendi do\u011famdan ne kadar uzakla\u015fm\u0131\u015f oldu\u011fumun fark\u0131na varmam\u0131 sa\u011flad\u0131. Zaman ge\u00e7tik\u00e7e, \u015fehir bah\u00e7esi kendi fark\u0131ndal\u0131\u011f\u0131m\u0131 art\u0131ran bir hobi bah\u00e7esinden, ekolojik fark\u0131ndal\u0131k yaratmay\u0131 ama\u00e7layan sanatsal bir projeye d\u00f6n\u00fc\u015ft\u00fc.<\/p>\n<p>Sanat, asl\u0131nda kendisini genel anlamda, farkl\u0131 bir dil, metafor yaratma ad\u0131na, konu etti\u011fi ger\u00e7eklikten uzakla\u015ft\u0131rmaya \u00e7al\u0131\u015f\u0131r. Bu bir anlamda kendi ger\u00e7ekli\u011fini yaratmakt\u0131r. Di\u011fer bir anlamda sanat, bulundu\u011fu ger\u00e7ekli\u011finden uzakla\u015ft\u0131rarak bir fikri ifade etme bi\u00e7imidir denilebilir. Oysa ben bunun tam tersini yapmaya \u00e7al\u0131\u015f\u0131yorum. Yani metaforik de\u011fil a\u00e7\u0131k bir dil kullanmaya \u00e7al\u0131\u015f\u0131yorum. \u201cMi\u015f\u201d gibi yaparak de\u011fil de a\u00e7\u0131k ve do\u011frudan do\u011fruya sanat gibi g\u00f6r\u00fcnmeyecek, ba\u015fka bir alanda ve mekanda hobi gibi g\u00f6r\u00fcnecek bir uygulaman\u0131n ekolojik bir ama\u00e7 u\u011fruna sanat oldu\u011funu iddia ediyorum. \u00d6rne\u011fin burada sanat, Organik Heykel Projesi kapsam\u0131nda bir sanat\u00e7\u0131n\u0131n do\u011fal \u015fehir bah\u00e7esi olu\u015fturmas\u0131, s\u00fcrd\u00fcr\u00fclebilir bir bah\u00e7e i\u00e7in kompost yap\u0131m\u0131, bio-karbon \u00fcretimi, tavuk beslemesinden ar\u0131c\u0131l\u0131\u011fa kadar bir dizi ekolojik faaliyettir. Burada sanat, sanat hakk\u0131nda bir bilgi birikimini saymazsak, ayn\u0131 zamanda ekolojik faaliyetleri yapabilmek i\u00e7in yeterli ara\u015ft\u0131rmalar\u0131 yapmak, teorik ve pratik bilgi donan\u0131m\u0131na sahip olmak i\u00e7in harcanan zaman ve emektir. Yani benim i\u00e7in sanat, sadece bir at\u00f6lye mekan\u0131nda (v.s.) yap\u0131l\u0131p ba\u015fka bir mekanda sergilenecek bir obje olmaktan daha farkl\u0131 bir ekolojik sorumlulu\u011fa d\u00f6n\u00fc\u015fm\u00fc\u015f durumda. B\u00fct\u00fcn bu olu\u015f s\u00fcrecine ve etkinliklere disiplinleraras\u0131 bir heykel, yatay d\u00fczlemde devam eden bir an\u0131t, bir performans sanat\u0131 olarak da bak\u0131labilir.<\/p>\n<p>\u015eehir ya\u015fam\u0131na ve toplumun \u015fehir alg\u0131s\u0131na ayk\u0131r\u0131 g\u00f6r\u00fcnmesine ra\u011fmen ekolojik \u00e7al\u0131\u015fmalar y\u00fcr\u00fctmek bu projenin bir amac\u0131. \u015eehrin ortas\u0131nda tavuk k\u00fcmesi yapmak ve kom\u015fular\u0131n ve akademisyenlerin \u015fikayetlerine ra\u011fmen 10 ile 40 aras\u0131nda tavu\u011fu beslemek, yumurtalar\u0131n\u0131 almak ve zaman zaman bu yumurtalar\u0131 \u00f6\u011frenci ve akademisyenlere da\u011f\u0131tmak bu i\u015fin bir par\u00e7as\u0131. Yine ayn\u0131 \u015fekilde \u201c\u015fehirde ar\u0131 olur mu?\u201d alg\u0131s\u0131na ra\u011fmen gizli ar\u0131c\u0131l\u0131k yapmak bu sanat\u0131n par\u00e7as\u0131. Bu, kabul g\u00f6rm\u00fc\u015f sanat anlay\u0131\u015flar\u0131n\u0131n aksine kar\u015f\u0131t bir sanat dili olu\u015fturma ad\u0131na da yap\u0131lmaktad\u0131r. Tabii bu, kabul g\u00f6rm\u00fc\u015f sanat anlay\u0131\u015f\u0131ndan uzakla\u015farak d\u00fcnyam\u0131z\u0131n ekolojik ger\u00e7ekli\u011fine dikkat \u00e7ekmek ad\u0131na dolays\u0131z, \u201cmi\u015f\u201d gibi yapmadan olu\u015fturdu\u011fu dil, sadece benim icat etti\u011fim bir dil, bir y\u00f6ntem de\u011fil! Sanat d\u00fcnyas\u0131nda 1960\u2019lardan g\u00fcn\u00fcm\u00fcze yay\u0131lan \u201cekolojik sanat\u201d ad\u0131nda bir e\u011filimden s\u00f6z etmek m\u00fcmk\u00fcn.<\/p>\n<p>Sonu\u00e7ta, bu projenin sanatla olan ba\u011f\u0131 bir sanat\u00e7\u0131 olarak bizzat bu ekolojik projeyi y\u00fcr\u00fct\u00fcyor olman\u0131n yan\u0131 s\u0131ra, elde edilen tohumlar\u0131n da\u011f\u0131t\u0131lmas\u0131, tohumlar\u0131n sanat eseri olarak sergilenmesi, tavuklarla yap\u0131lan performanslar ve baz\u0131 foto\u011fraf \u00e7al\u0131\u015fmalar\u0131n\u0131 da sayabiliriz. Son olarak da \u015fehirde ar\u0131c\u0131l\u0131k yapmaya ba\u015flamamla \u0130stanbul metropol\u00fcn\u00fcn gizli ar\u0131c\u0131lar\u0131na kat\u0131lm\u0131\u015f oldum. \u015eunu da eklemeliyim, ar\u0131c\u0131l\u0131\u011fa ba\u015flamamla \u0130stanbul\u2019daki gizli ar\u0131c\u0131lar\u0131n d\u00fc\u015f\u00fcnmedi\u011fim kadar fazla olduklar\u0131n\u0131n fark\u0131na vard\u0131m. D\u00fcnya \u015fehirlerinde, \u015fehir merkezlerinde ar\u0131c\u0131l\u0131k yap\u0131lmas\u0131 i\u00e7in yerel y\u00f6netimler destek verirken T\u00fcrkiye\u2019de \u015fehir merkezlerinde k\u0131s\u0131tlamalar ve engellemeler var. \u00d6n\u00fcm\u00fczdeki g\u00fcnlerde bu konu \u00fcst\u00fcne gitmek istiyorum. Bunun i\u00e7in de baz\u0131 heyecan verici fikirlerim var. Belki Bu\u011fday Derne\u011fiyle birlikte bir proje y\u00fcr\u00fctebiliriz! Neden olmas\u0131n?<\/p>\n<p><strong>Elbette, olabilir. Peki, ar\u0131c\u0131l\u0131k yaparken nelere dikkat ediyorsunuz? Uygulad\u0131\u011f\u0131n\u0131z, denedi\u011finiz y\u00f6ntemler ve sonu\u00e7lar\u0131 nelerdir?<\/strong><\/p>\n<p>\u0130lk akl\u0131ma gelen \u015fey onlar\u0131n yan\u0131nda sakin ve sab\u0131rl\u0131 olmak. Di\u011fer \u00f6nemli konu, kovan\u0131 a\u00e7arken, kapat\u0131rken, bak\u0131mlar\u0131n\u0131 yaparken \u00f6lmelerine sebep olmamak. Acele etmeye al\u0131\u015fm\u0131\u015f bir \u015fehirli i\u00e7in o kadar zor ki sakin olmak. Ar\u0131lara bakaca\u011f\u0131m g\u00fcn hi\u00e7 kimseye bulu\u015fma ya da bir \u015feyler yapma s\u00f6z\u00fc vermemeye \u00e7al\u0131\u015f\u0131yorum. Yoksa yeti\u015fme, bir \u015feyler yeti\u015ftirme duygusunu, tela\u015f\u0131n\u0131z\u0131 ya da sinirliyseniz ar\u0131lar bunu hissediyorlar. Ar\u0131larla birlikte olmak meditasyon yapmak gibi bir \u015fey. Aran\u0131za ba\u015fka bir \u015fey girmemeli ve o anda olmal\u0131s\u0131n\u0131z. Di\u011fer yandan hobi ar\u0131c\u0131l\u0131k i\u00e7in bu kolay s\u00f6ylenebilir de, bu i\u015fi onlarca kovanla yapan profesyonel ar\u0131c\u0131lar i\u00e7in kolay olmasa gerek.<\/p>\n<p>Ayr\u0131ca bol bol g\u00f6zlem yapmaya ve onlar\u0131 anlamaya \u00e7al\u0131\u015f\u0131yorum. Ba\u015farabilmi\u015f de\u011filim ama, kovana da fazla m\u00fcdahale etmemeye \u00e7al\u0131\u015f\u0131yorum. Ar\u0131lar i\u00e7in olumsuz gibi g\u00f6r\u00fcnse de, ar\u0131c\u0131n\u0131n \u00f6zg\u00fcven ve deneyim kazanabilmesi ad\u0131na m\u00fcdahaleler ilk y\u0131l ka\u00e7\u0131n\u0131lmaz gibi. Dolay\u0131s\u0131yla m\u00fcdahalesiz ar\u0131c\u0131l\u0131k o kadar kolay bir durum de\u011fil. Ar\u0131c\u0131 i\u00e7in \u00f6zellikle Varoa paraziti gibi bir yok ediciyle imtihan\u0131 ad\u0131na ilk y\u0131llarda bunun m\u00fcmk\u00fcn oldu\u011funu d\u00fc\u015f\u00fcnm\u00fcyorum. Olmal\u0131 m\u0131, o ayr\u0131 bir \u015fey. Bunu \u00f6n\u00fcm\u00fczdeki y\u0131llarda daha iyi anlayaca\u011f\u0131m.<\/p>\n<p>Di\u011fer \u00f6nemli bir konu da, kovanda Varoa gibi zararl\u0131larla ve hastal\u0131kla m\u00fccadele ederken do\u011fal y\u00f6ntemler kullan\u0131yorum. \u00d6rne\u011fin bunlardan biri Varoa i\u00e7in biyolojik y\u00f6ntem denilen erkek larvalar\u0131n kovandan uzakla\u015ft\u0131r\u0131lmas\u0131. Ba\u015fka bir \u015fey de, ar\u0131lar\u0131n ba\u011f\u0131\u015f\u0131kl\u0131klar\u0131n\u0131 da art\u0131racak do\u011fal aromatik su ya da ya\u011f kar\u0131\u015f\u0131mlar\u0131 uygulamas\u0131 yap\u0131yorum.<\/p>\n<p>Bunlar benim \u00e7ok i\u015fime yarayan uygulamalar oldu. 2017 Ekim ay\u0131ndan Aral\u0131k ay\u0131n\u0131n sonuna kadar ki s\u00fcre\u00e7 i\u00e7erisinde sadece bir kovandan 3 bin Varoa kenesi d\u00fc\u015ft\u00fc. \u201cKovan\u0131n izd\u00fc\u015f\u00fcm\u00fc\u201d dedi\u011fim bir y\u00f6ntemle, g\u00f6zlem yap\u0131p, Varoa&#8217;lar\u0131 tek tek saymaya \u00e7al\u0131\u015ft\u0131\u011f\u0131m\u0131 s\u00f6yleyebilirim.<\/p>\n<p><a href=\"http:\/\/www.bugday.org\/blog\/wp-content\/uploads\/2018\/01\/IMG_4791.jpg\"><img loading=\"lazy\" decoding=\"async\" class=\"alignnone size-full wp-image-1538\" src=\"http:\/\/www.bugday.org\/blog\/wp-content\/uploads\/2018\/01\/IMG_4791.jpg\" alt=\"\" width=\"700\" height=\"933\" srcset=\"https:\/\/www.bugday.org\/blog\/wp-content\/uploads\/2018\/01\/IMG_4791.jpg 700w, https:\/\/www.bugday.org\/blog\/wp-content\/uploads\/2018\/01\/IMG_4791-225x300.jpg 225w\" sizes=\"(max-width: 700px) 100vw, 700px\" \/><\/a><\/p>\n<p><strong>&#8220;Kovan\u0131n izd\u00fc\u015f\u00fcm\u00fc&#8221; nas\u0131l bir y\u00f6ntem?<\/strong><\/p>\n<p>Polen \u00e7ekmecesi bulunan modern kovanlarda, \u00e7ekmeceye yerle\u015ftirilen a\u00e7\u0131k renkli, m\u00fcmk\u00fcnse yap\u0131\u015fkanl\u0131 bir karton ya da ka\u011f\u0131t \u00fcst\u00fcne kovandan d\u00fc\u015fen par\u00e7alar\u0131n, cisimlerin analizinin yap\u0131lmas\u0131. \u00d6rne\u011fin kovan\u0131n i\u00e7inden d\u00fc\u015fen yavru g\u00f6z\u00fc kapa\u011f\u0131 par\u00e7ac\u0131klar\u0131nda krali\u00e7enin bir s\u00fcre \u00f6nce yavrulad\u0131\u011f\u0131 ve yavrular\u0131n da \u00e7\u0131kmaya ba\u015flad\u0131\u011f\u0131 analizini yapmak m\u00fcmk\u00fcn; ya da ar\u0131lardan ka\u011f\u0131t \u00fcst\u00fcne d\u00fc\u015fen Varoa say\u0131s\u0131 belirlenebil<span style=\"font-size: small;\">ir.<\/span><\/p>\n<p><strong>3 bin varoa kenesi. \u00c7ok de\u011fil mi?<\/strong><\/p>\n<p>Tabii, bir kovan i\u00e7in \u00e7ok ama \u00e7ok b\u00fcy\u00fck bir say\u0131. Ben ar\u0131 m\u0131 besliyorum Varoa m\u0131 anlamad\u0131m! Varoa pop\u00fclasyonu hakk\u0131nda birka\u00e7 analiz yapmak m\u00fcmk\u00fcn fakat burada konumuzu a\u015far ve uzat\u0131r.<\/p>\n<p>Uygulamalar yaparken dikkatli ve \u00f6l\u00e7\u00fcl\u00fc olmal\u0131. Ar\u0131lar\u0131n davran\u0131\u015flar\u0131 iyi g\u00f6zlemlenmeli. Ar\u0131lar g\u00fc\u00e7l\u00fc canl\u0131lar olsa da hassas koku alma duyusuna sahip olmalar\u0131 gibi \u00f6zellikleri bulunan canl\u0131lar. Baz\u0131 uygulamalar\u0131mda \u00fcz\u00fclerek ar\u0131 \u00f6l\u00fcmlerine de sebebiyet verdi\u011fimi s\u00f6ylemeliyim.<\/p>\n<p><strong>\u015eu an ar\u0131lar\u0131n\u0131z\u0131n durumu nedir? Ka\u00e7 kovan\u0131n\u0131z var?\u00a0<\/strong><\/p>\n<p>\u015eu anda bir kovan\u0131m var. Tecr\u00fcbesiz ve acemice uygulamalar\u0131ma ra\u011fmen ar\u0131lar\u0131m\u0131n durumu o kadar iyi ki! Bana ra\u011fmen ya\u015f\u0131yorlar! Yanl\u0131\u015f uygulamalar\u0131mdan sonra ya\u015fam alanlar\u0131n\u0131 d\u00fczeltip, temizleyip hayatlar\u0131na hi\u00e7bir \u015fey olmam\u0131\u015f gibi devam ediyorlar. Biraz abart\u0131l\u0131 gelebilir ama bence ilk y\u0131llarda ar\u0131n\u0131n cinsinden de\u011fil ar\u0131c\u0131dan korkmal\u0131! Her ge\u00e7en g\u00fcn bal ar\u0131lar\u0131na hayranl\u0131\u011f\u0131m bir kat art\u0131yor. Bu hayranl\u0131\u011f\u0131 tavuklar\u0131m i\u00e7in de hissetmi\u015ftim. Bu canl\u0131lar do\u011fada nas\u0131l sa\u011f kalacaklar\u0131n\u0131 biz insano\u011flundan daha iyi biliyorlar. Bu canl\u0131lar\u0131n \u00f6l\u00fcm\u00fc ya da yok olmalar\u0131 i\u00e7in \u00f6zel bir gayret i\u00e7inde olman\u0131z gerekir.<\/p>\n<p><strong>\u015eehirde ar\u0131c\u0131l\u0131k yapmak isteyenler i\u00e7in verebilece\u011finiz bir tavsiye var m\u0131d\u0131r? Olumlu ve olumsuz y\u00f6nleri neler?<\/strong><\/p>\n<p>\u015eehirde ar\u0131c\u0131l\u0131k yapmak isteyenler i\u00e7in en b\u00fcy\u00fck dezavantaj \u00e7evre sakinleri ve kom\u015fulard\u0131r herhalde. Kom\u015fular\u0131 bir \u015fekilde kazanman\u0131n yollar\u0131 bulunmal\u0131. Tabii \u201cgizli ar\u0131c\u0131l\u0131k\u201d yap\u0131lmayacaksa! Bunu s\u00f6ylemek \u015eehrin Gizli Ar\u0131lar\u0131 ve Ar\u0131c\u0131lar\u0131 i\u00e7in biraz ironik gibi gelse de \u015fehirli ar\u0131c\u0131lar kom\u015fularla iyi ileti\u015fim i\u00e7inde olmal\u0131 ve onlar\u0131 ikna etmeye \u00e7al\u0131\u015fmal\u0131. Zab\u0131ta gelince buna ihtiya\u00e7lar\u0131 olacak. Benim \u00f6ten horozlardan rahats\u0131z olan bir kom\u015fumla ileti\u015fim kurdu\u011fum oldu. Onlara projeyi anlatm\u0131\u015f ve rahats\u0131z olmamalar\u0131 i\u00e7in tavuklar\u0131 sabahlar\u0131 10:00\u2019a kadar uzak tutacak \u00f6zel otomatik saat ayarl\u0131 bir k\u00fcmes kap\u0131s\u0131 yapm\u0131\u015ft\u0131m. Sorunun b\u00fcy\u00fck bir k\u0131sm\u0131 halledildi.<\/p>\n<p>Kovan koyacaklar\u0131 yerin g\u00f6zden uzak olmas\u0131 iyi olur. Teraslar ve \u00e7at\u0131lar bunun i\u00e7in ideal bir alan sa\u011flayabilir. Hobi bah\u00e7elerinde ayr\u0131lacak birka\u00e7 m2&#8217;lik alan 1-2 kovan i\u00e7in yeterli olabilir.<\/p>\n<p>D\u00fc\u015f\u00fcn\u00fclenin ve genel mant\u0131\u011f\u0131n aksine \u015fehirde ar\u0131c\u0131l\u0131\u011f\u0131n k\u0131rsal alana g\u00f6re bir\u00e7ok avantajlar\u0131 var. \u00d6rne\u011fin \u015fehirde tar\u0131m ilac\u0131 neredeyse hi\u00e7 ya da k\u0131rsal alanlar kadar kullan\u0131lm\u0131yor. Dolay\u0131s\u0131yla \u015fehirli ar\u0131lar kimyasallardan daha az etkileniyorlar.<\/p>\n<p><a href=\"http:\/\/www.bugday.org\/blog\/wp-content\/uploads\/2017\/11\/iyimser_ari.jpg\"><img loading=\"lazy\" decoding=\"async\" class=\"alignnone size-full wp-image-1429\" src=\"http:\/\/www.bugday.org\/blog\/wp-content\/uploads\/2017\/11\/iyimser_ari.jpg\" alt=\"\" width=\"700\" height=\"466\" srcset=\"https:\/\/www.bugday.org\/blog\/wp-content\/uploads\/2017\/11\/iyimser_ari.jpg 700w, https:\/\/www.bugday.org\/blog\/wp-content\/uploads\/2017\/11\/iyimser_ari-300x200.jpg 300w, https:\/\/www.bugday.org\/blog\/wp-content\/uploads\/2017\/11\/iyimser_ari-360x240.jpg 360w\" sizes=\"(max-width: 700px) 100vw, 700px\" \/><\/a><\/p>\n<p>\u015eehirlerdeki hava kirlili\u011finin, egzoz gaz\u0131n\u0131n ar\u0131lara ve bala olumsuz etkisi hakk\u0131nda hen\u00fcz bir makaleye rastlamad\u0131m. Bu konuda bilimsel makaleler ara\u015ft\u0131r\u0131lmal\u0131. Baz\u0131 \u015fehir merkezlerinde ARGE ve e\u011fitim ama\u00e7l\u0131 ar\u0131c\u0131l\u0131k yap\u0131ld\u0131\u011f\u0131n\u0131 ve ballar\u0131n\u0131n da halka sat\u0131ld\u0131\u011f\u0131n\u0131 biliyorum. Bal analizlerinde a\u011f\u0131r metal kal\u0131nt\u0131s\u0131na rastlanmad\u0131\u011f\u0131n\u0131 s\u00f6yl\u00fcyorlar.<\/p>\n<p>Yine d\u00fc\u015f\u00fcn\u00fcld\u00fc\u011f\u00fcn\u00fcn aksine baz\u0131 k\u0131rsal alanlar \u0130stanbul gibi b\u00fcy\u00fck \u015fehirlerin bitki \u00f6rt\u00fcs\u00fcyle kar\u015f\u0131la\u015ft\u0131r\u0131ld\u0131\u011f\u0131nda daha fakir ve kuraklar. \u00d6zellikle yaz\u0131n \u00e7i\u00e7eklerin solmas\u0131 ve kurakl\u0131k ar\u0131lar i\u00e7in b\u00fcy\u00fck problem. Parklardaki \u00e7i\u00e7ekli peyzaj bitkileri ve su havuzlar\u0131 ar\u0131lar\u0131n faydalanabilece\u011fi kaynaklar olabilir. Fark etmiyoruz ama \u00e7evremizde \u00e7ok say\u0131da ar\u0131 bitkisi ve a\u011fa\u00e7 var; akasya, \u0131hlamur, defne, yabani kestane, erik ve elma a\u011fa\u00e7lar\u0131 bunlardan sadece birka\u00e7\u0131. \u015eehirlerde bal ar\u0131s\u0131 gibi polenleyici b\u00f6cekler i\u00e7in ar\u0131 bitkileriyle o kadar g\u00fczel d\u00fczenlemeler yap\u0131labilir ki, belediyelere biraz hayal g\u00fcc\u00fc gerek.<\/p>\n<p><strong>\u00c7evrenizin, \u00f6\u011frencilerinizin ar\u0131c\u0131l\u0131k yapman\u0131za yakla\u015f\u0131m\u0131 nas\u0131l?<\/strong><\/p>\n<p>\u0130lk ba\u015flarda Fak\u00fclte&#8217;nin bah\u00e7esinde ar\u0131 oldu\u011funu \u00e7ok fazla insan bilmiyordu. Zaman i\u00e7erisinde haberleri oldu. Farkl\u0131 tepkiler gelebiliyor. Genelde insanlar\u0131n ilk tepkisi ar\u0131lar\u0131n sokup sokmayaca\u011f\u0131 \u00fczerine. Genelde \u201cya bizi sokarsa\u201d korkusu hakim. \u0130nsanlar\u0131n bal ar\u0131lar\u0131n\u0131 pek de tan\u0131mad\u0131klar\u0131n\u0131 d\u00fc\u015f\u00fcn\u00fcyorum. E\u015fek ar\u0131lar\u0131yla s\u0131k\u00e7a kar\u0131\u015ft\u0131r\u0131l\u0131yorlar. Ar\u0131lar\u0131n kendilerine yak\u0131n olmas\u0131 nedeniyle durduk yerde bir t\u00fcr ar\u0131 sald\u0131r\u0131s\u0131 olacak zannediliyor. B\u00f6ylece benim i\u00e7in yeni bir sorumluluk da ba\u015flam\u0131\u015f oldu! \u00c7evreme s\u0131k s\u0131k ar\u0131lar\u0131 anlatma \u015fans\u0131m oluyor. Biraz konu\u015funca ar\u0131lar\u0131n ya\u015fam i\u00e7in \u00e7ok \u00f6nemli canl\u0131lar oldu\u011fu dile getiriliyor. Konu biraz daha derinle\u015ftik\u00e7e bal ar\u0131lar\u0131na kar\u015f\u0131 genelde bir empati olu\u015fuyor ve sayg\u0131yla bak\u0131yorlar. T\u00fcrkiye\u2019de ailesinde ar\u0131c\u0131l\u0131k yapm\u0131\u015f ya da yapmakta olan bir\u00e7ok insanla kar\u015f\u0131la\u015fmak m\u00fcmk\u00fcn. \u015eunu da belirmeliyim Fak\u00fclte i\u00e7inde ekolojik sanat \u00e7al\u0131\u015fmalar\u0131 yapabilmemdeki en \u00f6nemli destek Dekan\u0131m\u0131z Prof. Dr. \u0130nci Deniz Ilg\u0131n\u2019dand\u0131r. Kendisine burada te\u015fekk\u00fcr etmek isterim, izni olmaks\u0131z\u0131n bu \u00e7al\u0131\u015fmalara devam edemezdim.<\/p>\n<p>Balar\u0131lar\u0131na \u00f6\u011frencilerin ilgisi ve heyecan\u0131 var. Bu \u00e7ok motive edici. \u00d6\u011frencilerin bu ilgisini olumlu bir \u015fekilde d\u00f6n\u00fc\u015ft\u00fcrmem gerekiyor. \u0130leriki y\u0131llarda bir ders kapsam\u0131nda ekolojik konular\u0131 i\u015fleyebilece\u011fimi ve bilgilerimi aktarabilece\u011fimi d\u00fc\u015f\u00fcn\u00fcyorum. Gen\u00e7 insanlara balar\u0131s\u0131 hakk\u0131nda k\u0131sa da olsa bir ders verilip disiplinler aras\u0131 \u00e7al\u0131\u015fma yapmalar\u0131na f\u0131rsat tan\u0131nabilir.<\/p>\n<p><strong>Bu harika fikirlerinizi ger\u00e7ekle\u015ftirece\u011finizden eminiz. Te\u015fekk\u00fcrler.<\/strong><\/p>\n<p>Sorular\u0131n\u0131z\u0131 cevaplamak benim i\u00e7in d\u00fc\u015f\u00fcncelerimi toparlamama \u00e7ok faydal\u0131 oldu. Bu\u011fday Derne\u011fi&#8217;ne bana bu f\u0131rsat\u0131 verdi\u011fi i\u00e7in ben te\u015fekk\u00fcr ederim.<\/p>\n","protected":false},"excerpt":{"rendered":"<p>AB Erasmus + Program\u0131 taraf\u0131ndan desteklenen Ar\u0131lar\u0131 Ya\u015fatal\u0131m projemiz kapsam\u0131nda 9 Aral\u0131k&#8217;ta \u0130zmir&#8217;de ger\u00e7ekle\u015ftirdi\u011fimiz Uluslararas\u0131 Ekolojik Ar\u0131c\u0131l\u0131k Konferans\u0131&#8217;nda birbirinden ilgin\u00e7 ve \u00f6nemli sunumlar izledik. En \u00e7ok ilgi \u00e7eken ve ilham veren sunumlardan biri Marmara \u00dcniversitesi&#8230;<\/p>\n","protected":false},"author":1,"featured_media":1536,"comment_status":"open","ping_status":"open","sticky":false,"template":"","format":"standard","meta":{"footnotes":""},"categories":[54,53,18],"tags":[130,56,129],"_links":{"self":[{"href":"https:\/\/www.bugday.org\/blog\/wp-json\/wp\/v2\/posts\/1534"}],"collection":[{"href":"https:\/\/www.bugday.org\/blog\/wp-json\/wp\/v2\/posts"}],"about":[{"href":"https:\/\/www.bugday.org\/blog\/wp-json\/wp\/v2\/types\/post"}],"author":[{"embeddable":true,"href":"https:\/\/www.bugday.org\/blog\/wp-json\/wp\/v2\/users\/1"}],"replies":[{"embeddable":true,"href":"https:\/\/www.bugday.org\/blog\/wp-json\/wp\/v2\/comments?post=1534"}],"version-history":[{"count":2,"href":"https:\/\/www.bugday.org\/blog\/wp-json\/wp\/v2\/posts\/1534\/revisions"}],"predecessor-version":[{"id":1539,"href":"https:\/\/www.bugday.org\/blog\/wp-json\/wp\/v2\/posts\/1534\/revisions\/1539"}],"wp:featuredmedia":[{"embeddable":true,"href":"https:\/\/www.bugday.org\/blog\/wp-json\/wp\/v2\/media\/1536"}],"wp:attachment":[{"href":"https:\/\/www.bugday.org\/blog\/wp-json\/wp\/v2\/media?parent=1534"}],"wp:term":[{"taxonomy":"category","embeddable":true,"href":"https:\/\/www.bugday.org\/blog\/wp-json\/wp\/v2\/categories?post=1534"},{"taxonomy":"post_tag","embeddable":true,"href":"https:\/\/www.bugday.org\/blog\/wp-json\/wp\/v2\/tags?post=1534"}],"curies":[{"name":"wp","href":"https:\/\/api.w.org\/{rel}","templated":true}]}}