{"id":10674,"date":"2020-12-15T00:01:23","date_gmt":"2020-12-14T21:01:23","guid":{"rendered":"https:\/\/www.bugday.org\/blog\/?p=10674"},"modified":"2021-03-13T02:47:57","modified_gmt":"2021-03-12T23:47:57","slug":"insanlik-yok-olsa-bile-saglikli-tohumlar-yeserir","status":"publish","type":"post","link":"https:\/\/www.bugday.org\/blog\/insanlik-yok-olsa-bile-saglikli-tohumlar-yeserir\/","title":{"rendered":"\u0130nsanl\u0131k yok olsa bile sa\u011fl\u0131kl\u0131 tohumlar ye\u015ferir"},"content":{"rendered":"\n<blockquote class=\"wp-block-quote\"><p><strong>&#8220;Bahaneleri kendi elimizle itsek kenara; insanl\u0131k yok olsa bile, belki sa\u011fl\u0131kl\u0131 tohumlar kal\u0131r bir yerlerde, bir zamanlarda ye\u015ferecek.&#8221; <\/strong><br><\/p><cite><strong>Victor Ananias, Bu\u011fday Hareketi Kurucusu<\/strong><\/cite><\/blockquote>\n\n\n\n<hr class=\"wp-block-separator\"\/>\n\n\n\n<p>Bah\u00e7elerde k\u00f6yl\u00fcn\u00fcn kahvesinde topland\u0131k ge\u00e7enlerde, k\u00f6y\u00fcn yak\u0131n\u0131ndaki maden \u00e7al\u0131\u015fmalar\u0131 konusunda bilgilenme, muhtemel art\u0131s\u0131n\u0131 eksisini tart\u0131\u015fma ve al\u0131nacak, al\u0131nmas\u0131 gereken \u00f6nlem varsa onu tespit etmeyle ilgili. Toplant\u0131n\u0131n bir noktas\u0131nda k\u00f6yl\u00fc ile madenci arkada\u015flar kar\u015f\u0131 iki cephe haline ge\u00e7tiler.<\/p>\n\n\n\n<p>K\u00f6yl\u00fcler \u201ck\u00f6ylerine, ya\u015famlar\u0131na maden \u00e7al\u0131\u015fmalar\u0131n\u0131n getirece\u011fi bilinen, tahmin edilen etkilerini tam olarak\u2019\u2019 \u00f6\u011frenmek istiyordu. Madenciler ise herhangi bir say\u0131sal, a\u00e7\u0131k veriye dayand\u0131rmadan \u201cmadenin k\u00f6ye fayda getirebilece\u011fini, en az zarar verecek \u015fekilde \u00e7al\u0131\u015facaklar\u0131n\u0131 ve sonu\u00e7 olarak ticaret yapt\u0131klar\u0131n\u0131, tabii ki k\u00e2r etmek i\u00e7in u\u011fra\u015facaklar\u0131n\u0131\u2019\u2019 s\u00f6yl\u00fcyorlard\u0131 s\u00fcrekli.<\/p>\n\n\n\n<p>Tart\u0131\u015fman\u0131n belli noktalar\u0131nda k\u00f6yl\u00fclerin taraf\u0131nda olan k\u00f6y d\u0131\u015f\u0131ndan gelmi\u015f baz\u0131 kat\u0131l\u0131mc\u0131lar tecr\u00fcbelerini payla\u015ft\u0131, daha \u00f6nceki \u00f6rneklere dayand\u0131rarak madencilerin kesinlikle yalan s\u00f6ylediklerini, faydadan \u00e7ok zarar getireceklerini ifade ettiler \u2013k\u00f6ye ve buradaki ya\u015fama. Hakl\u0131 sak\u0131ncalar i\u00e7eriyordu burada yap\u0131lacak maden \u00e7al\u0131\u015fmalar\u0131 her a\u015famas\u0131nda, k\u00f6y sakinleri a\u00e7\u0131s\u0131ndan.&nbsp;<\/p>\n\n\n\n<p>Madenciler ise \u0131srarla ya\u015fam\u0131m\u0131z i\u00e7in madene de ihtiya\u00e7 oldu\u011funu, kendilerinin \u00e7evreye kar\u015f\u0131 hassas olduklar\u0131n\u0131 s\u00f6yl\u00fcyor ve yasal izinleriyle faaliyetlerini s\u00fcrd\u00fcreceklerini ifade ediyorlard\u0131 \u2013kesinlikle.<\/p>\n\n\n\n<p>Konunun detay\u0131 \u00e7ok ama birka\u00e7 nokta var ki, kim hakl\u0131 kim haks\u0131z tam net olam\u0131yor; e\u011fer belli prensipler, de\u011ferler \u00e7er\u00e7evesinde bakmazsak. \u00d6rne\u011fin, hen\u00fcz i\u015fin ba\u015f\u0131 olmas\u0131na ra\u011fmen maden aramayla ilgili sondaj \u00e7al\u0131\u015fmas\u0131nda topra\u011fa kirli (la\u011f\u0131m bo\u015falt\u0131m\u0131nda kullan\u0131lan) vidanj\u00f6rlerle deniz suyu bas\u0131l\u0131yor. Ve bu su \u00e7ok b\u00fcy\u00fck miktarlarda; gitmesi muhtemel ilk iki y\u00f6n ise, k\u00f6y\u00fcn i\u00e7me ve kullanma sular\u0131n\u0131n geldi\u011fi kaynaklar\u2026<\/p>\n\n\n\n<p>\u015eimdiden bah\u00e7elerden deniz suyu \u00e7\u0131karmaya ba\u015flam\u0131\u015f baz\u0131 noktalarda. Daha bu i\u015fin en ba\u015f\u0131! Kar\u015f\u0131l\u0131\u011f\u0131nda ise k\u00f6yde birka\u00e7 ki\u015fiye i\u015f imkan\u0131 ve vaatler var ileriye y\u00f6nelik. Bir yandan k\u00f6yl\u00fclerin her a\u015famada bilgilendirilece\u011fi, zarar g\u00f6rmeyece\u011fi ifade edilirken tuzlu ve la\u011f\u0131ml\u0131 sular yeralt\u0131ndan k\u00f6ye, buradaki ya\u015fama do\u011fru ilerliyor.<\/p>\n\n\n\n<p>Hukuk s\u00fcreci uzun, i\u015fletilmesi daha da me\u015fakkatli ve sonucu dahi kesin de\u011fil. K\u00f6yl\u00fc haz\u0131rl\u0131k yap\u0131yor, madende ise \u00e7al\u0131\u015fmalar devam ediyor. Bu ne ilk, ne de son \u00f6rnek benzerleri aras\u0131nda\u2026<\/p>\n\n\n\n<div class=\"wp-block-image\"><figure class=\"alignright is-resized\"><img loading=\"lazy\" decoding=\"async\" src=\"https:\/\/www.bugday.org\/blog\/wp-content\/uploads\/2021\/03\/8354378140_bugday.jpg\" alt=\"\" class=\"wp-image-93847\" width=\"264\" height=\"352\"\/><\/figure><\/div>\n\n\n\n<p>\u0130nsan ihtiya\u00e7lar\u0131 s\u0131n\u0131rs\u0131z gibi. \u201cGibi\u2019\u2019 diyorum \u00e7\u00fcnk\u00fc asl\u0131nda bar\u0131nma, beslenme, sa\u011fl\u0131k konular\u0131nda temel ihtiya\u00e7lar\u0131m\u0131z belli, bir miktar besin (meyve-sebze-tah\u0131l-tohumlardan yerine, zaman\u0131na g\u00f6re bir\u00e7ok yeterli liste yap\u0131labilir), su, k\u00fc\u00e7\u00fck bir ya\u015fam alan\u0131, temiz, hava, iklim ko\u015fullar\u0131na g\u00f6re bar\u0131nak ve sade iki \u00fc\u00e7 k\u0131yafet\u2026 Bunlar\u0131n d\u0131\u015f\u0131ndaki t\u00fcm t\u00fcketim maddelerinden kolayl\u0131kla vazge\u00e7ebiliriz asl\u0131nda, hatta b\u00fcy\u00fck ihtimalle zorunlu olarak vazge\u00e7ece\u011fiz \u00f6n\u00fcm\u00fczdeki g\u00fcnlerde.<\/p>\n\n\n\n<p>\u201cKe\u015fke\u2026\u2019\u2019 diyorum i\u00e7imden, madenciler ve k\u00f6yl\u00fcler, kapitalistler ve \u00e7evreciler, solcular ve sa\u011fc\u0131lar gibi k\u00f6rle\u015ftiren grupla\u015fmalardan s\u0131yr\u0131l\u0131p bug\u00fcn, hemen \u00e7ok sadele\u015ferek temel ihtiya\u00e7lar etraf\u0131nda birle\u015ftirebilsek ya\u015famsal aktivitelerimizi.<\/p>\n\n\n\n<p>Rekabetin olmad\u0131\u011f\u0131n\u0131, \u00e7ald\u0131\u011f\u0131m\u0131z\u0131n, ald\u0131\u011f\u0131m\u0131z\u0131n ve verdi\u011fimizin hep ayn\u0131 cepte ger\u00e7ekle\u015fti\u011fini ko\u015fulsuz olarak anlasak ve bahaneleri kendi elimizle itsek kenara; insanl\u0131k yok olsa bile belki sa\u011fl\u0131kl\u0131 tohumlar kal\u0131r bir yerlerde, bir zamanlarda ye\u015ferecek.<\/p>\n\n\n\n<p>Belki bana da bunlar\u0131 d\u00fc\u015f\u00fcnd\u00fcren do\u011fan\u0131n kendi i\u00e7indeki d\u00f6n\u00fc\u015f\u00fcm\u00fcn, insanl\u0131\u011f\u0131n do\u011fal olarak gitti\u011fi y\u00f6n\u00fcn i\u00e7imdeki yans\u0131mas\u0131.<\/p>\n\n\n\n<p>S\u00f6z\u00fcn \u00f6z\u00fc \u015fudur ki, benim ya\u015fam\u0131mda yeni teknolojilere, yeni madenlere, yollara, silahlara, hatta u\u00e7aklara, geni\u015f evlere, elektrikli aletlere, keyif ara\u00e7lar\u0131na, ila\u00e7lara, g\u0131da fazlas\u0131 ve \u00e7e\u015fidine, \u00e7ok kitaba, gazeteye, televizyona, bilgisayara hatta telefona\u2026 \u015fu anda dahi kulland\u0131\u011f\u0131m bir\u00e7ok araca ihtiyac\u0131m yok.<\/p>\n\n\n\n<p>Temiz zengin d\u00fcnyay\u0131, suyumu, topra\u011f\u0131m\u0131, havam\u0131, zarar \u00fcretmeden ya\u015fad\u0131\u011f\u0131m k\u00fc\u00e7\u00fck bir mekan, sa\u011fl\u0131kl\u0131 bireylerden olu\u015fan bir grup kom\u015fu, e\u015f, dost istiyorum ve buna t\u00fcm ya\u015fam\u0131m boyunca hizmet etmeye haz\u0131r\u0131m.<\/p>\n\n\n\n<p>Asl\u0131nda ben bakt\u0131\u011f\u0131mda anayasalarda, dinlerde, \u00e7e\u015fitli felsefelerde bunun hakk\u0131m oldu\u011funun ifade edildi\u011fini g\u00f6r\u00fcyorum, nas\u0131l yapsak da\u2026 <\/p>\n\n\n\n<hr class=\"wp-block-separator\"\/>\n\n\n\n<p><em><strong>*Victor Ananias, Ya\u015fam D\u00f6n\u00fc\u015f\u00fcmd\u00fcr, Do\u011fan Kitap, \u0130stanbul 2016, syf. 159-160.<\/strong><\/em><\/p>\n\n\n\n<p><strong>\u201cYa\u015fam D\u00f6n\u00fc\u015f\u00fcmd\u00fcr\u201d<\/strong> <strong>kitab\u0131n\u0131 <a rel=\"noreferrer noopener\" aria-label=\" (yeni sekmede a\u00e7\u0131l\u0131r)\" href=\"https:\/\/dukkan.bugday.org\/index.php?route=product\/product&amp;product_id=27\" target=\"_blank\">dukkan.bugday.org<\/a> sayfam\u0131zdan sipari\u015f edebilirsiniz. <\/strong><\/p>\n\n\n\n<blockquote class=\"wp-block-quote\"><p><strong>Victor Ananias&#8217;\u0131n yaz\u0131s\u0131n\u0131 dijitale aktard\u0131\u011f\u0131 i\u00e7in Bu\u011fday Derne\u011fi \u0130leti\u015fim G\u00f6n\u00fcll\u00fcs\u00fc Gamze \u00c7\u0131nar&#8217;a te\u015fekk\u00fcr ederiz.<\/strong><br><\/p><\/blockquote>\n","protected":false},"excerpt":{"rendered":"<p>&#8220;Bahaneleri kendi elimizle itsek kenara; insanl\u0131k yok olsa bile, belki sa\u011fl\u0131kl\u0131 tohumlar kal\u0131r bir yerlerde, bir zamanlarda ye\u015ferecek.&#8221; Victor Ananias, Bu\u011fday Hareketi Kurucusu Bah\u00e7elerde k\u00f6yl\u00fcn\u00fcn kahvesinde topland\u0131k ge\u00e7enlerde, k\u00f6y\u00fcn yak\u0131n\u0131ndaki maden \u00e7al\u0131\u015fmalar\u0131 konusunda bilgilenme, muhtemel&#8230;<\/p>\n","protected":false},"author":4,"featured_media":93917,"comment_status":"open","ping_status":"open","sticky":false,"template":"","format":"standard","meta":{"footnotes":""},"categories":[615],"tags":[738,248,492],"_links":{"self":[{"href":"https:\/\/www.bugday.org\/blog\/wp-json\/wp\/v2\/posts\/10674"}],"collection":[{"href":"https:\/\/www.bugday.org\/blog\/wp-json\/wp\/v2\/posts"}],"about":[{"href":"https:\/\/www.bugday.org\/blog\/wp-json\/wp\/v2\/types\/post"}],"author":[{"embeddable":true,"href":"https:\/\/www.bugday.org\/blog\/wp-json\/wp\/v2\/users\/4"}],"replies":[{"embeddable":true,"href":"https:\/\/www.bugday.org\/blog\/wp-json\/wp\/v2\/comments?post=10674"}],"version-history":[{"count":19,"href":"https:\/\/www.bugday.org\/blog\/wp-json\/wp\/v2\/posts\/10674\/revisions"}],"predecessor-version":[{"id":93919,"href":"https:\/\/www.bugday.org\/blog\/wp-json\/wp\/v2\/posts\/10674\/revisions\/93919"}],"wp:featuredmedia":[{"embeddable":true,"href":"https:\/\/www.bugday.org\/blog\/wp-json\/wp\/v2\/media\/93917"}],"wp:attachment":[{"href":"https:\/\/www.bugday.org\/blog\/wp-json\/wp\/v2\/media?parent=10674"}],"wp:term":[{"taxonomy":"category","embeddable":true,"href":"https:\/\/www.bugday.org\/blog\/wp-json\/wp\/v2\/categories?post=10674"},{"taxonomy":"post_tag","embeddable":true,"href":"https:\/\/www.bugday.org\/blog\/wp-json\/wp\/v2\/tags?post=10674"}],"curies":[{"name":"wp","href":"https:\/\/api.w.org\/{rel}","templated":true}]}}